{"id":897,"date":"2016-11-02T15:35:07","date_gmt":"2016-11-02T15:35:07","guid":{"rendered":"http:\/\/www.mingob.gob.pa\/integrarte\/?p=897"},"modified":"2017-09-21T10:04:48","modified_gmt":"2017-09-21T15:04:48","slug":"mujeres-del-gabinete-luciran-la-marca-penitenciaria-integrarte-durante-las-fiestas-patrias","status":"publish","type":"post","link":"https:\/\/www.mingob.gob.pa\/integrarte\/mujeres-del-gabinete-luciran-la-marca-penitenciaria-integrarte-durante-las-fiestas-patrias\/","title":{"rendered":"Mujeres del Gabinete lucir\u00e1n la marca penitenciaria  IntegrArte durante las fiestas patrias"},"content":{"rendered":"<p><strong>Fuente: Ministerio de Relaciones Exteriores\/ Fotos: Mingob<\/strong><\/p>\n<p>Panam\u00e1, 2 de noviembre de 2016.- -.La Vicepresidenta y Canciller de la Rep\u00fablica, Isabel de Saint Malo de Alvarado, Ministras y Viceministras de Estado, lucir\u00e1n en estas fiestas patrias, piezas de la Primera Marca Penitenciaria de Panam\u00e1, IntegrArte, sum\u00e1ndose a este movimiento social transformador.<\/p>\n<p>Para conmemorar el aniversario de la Rep\u00fablica de Panam\u00e1, las Mujeres del Gabinete portar\u00e1n vestidos de la colecci\u00f3n \u201cPara\u00edso \u00c9tnico\u201d, basada en las t\u00e9cnicas tradicionales usadas para la elaboraci\u00f3n del traje t\u00edpico nacional y de los pueblos aut\u00f3ctonos paname\u00f1os, combinados con los estilos de las d\u00e9cadas de 1970 y 1980. Estos, seg\u00fan la dise\u00f1adora contratada por el Sistema Penitenciario F\u00e1tima Vargas, \u201cson dise\u00f1os vanguardistas y funcionales\u201d.<\/p>\n<p>La Vicepresidenta portar\u00e1 el vestido en los actos oficiales del 3 de noviembre, acompa\u00f1ada de la Ministra de Ambiente, Mirei Endara; la Viceministra de Desarrollo Social, Michell Muschett; la Ministra de la Autoridad de la Micro, Peque\u00f1a y Mediana Empresa (AMPYME), Mar\u00eda Celia Dopeso; y la Viceministra de Finanzas, Eyda Varela.<\/p>\n<p>Las Viceministras de AMPYME, Nedelka Navas y Gobierno, Mar\u00eda Luisa Romero, lucir\u00e1n sus atuendos en las celebraciones oficiales del 5 y 10 de noviembre, respectivamente.<\/p>\n<p>La Vicepresidenta y Canciller manifest\u00f3 su complacencia de poder apoyar e impulsar el proyecto Integrarte junto a las compa\u00f1eras de Gabinete, y su confianza en el potencial de esta iniciativa que pretende integrar a diferentes actores de la sociedad en el proceso de rehabilitaci\u00f3n de las personas privadas de libertad, a trav\u00e9s de un esquema de responsabilidad social compartida.<\/p>\n<p>Por su parte, la viceministra de Gobierno, Mar\u00eda Luisa Romero, manifest\u00f3 que detr\u00e1s de cada pieza hay un ser humano con una historia que contar.<\/p>\n","protected":false},"excerpt":{"rendered":"<p>Fuente: Ministerio de Relaciones Exteriores\/ Fotos: Mingob Panam\u00e1, 2 de noviembre de 2016.- -.La Vicepresidenta y Canciller de la Rep\u00fablica, [&hellip;]<\/p>\n","protected":false},"author":5,"featured_media":247,"comment_status":"closed","ping_status":"open","sticky":false,"template":"","format":"standard","meta":{"site-sidebar-layout":"default","site-content-layout":"","ast-site-content-layout":"default","site-content-style":"default","site-sidebar-style":"default","ast-global-header-display":"","ast-banner-title-visibility":"","ast-main-header-display":"","ast-hfb-above-header-display":"","ast-hfb-below-header-display":"","ast-hfb-mobile-header-display":"","site-post-title":"","ast-breadcrumbs-content":"","ast-featured-img":"","footer-sml-layout":"","ast-disable-related-posts":"","theme-transparent-header-meta":"","adv-header-id-meta":"","stick-header-meta":"","header-above-stick-meta":"","header-main-stick-meta":"","header-below-stick-meta":"","astra-migrate-meta-layouts":"default","ast-page-background-enabled":"default","ast-page-background-meta":{"desktop":{"background-color":"var(--ast-global-color-5)","background-image":"","background-repeat":"repeat","background-position":"center center","background-size":"auto","background-attachment":"scroll","background-type":"","background-media":"","overlay-type":"","overlay-color":"","overlay-opacity":"","overlay-gradient":""},"tablet":{"background-color":"","background-image":"","background-repeat":"repeat","background-position":"center center","background-size":"auto","background-attachment":"scroll","background-type":"","background-media":"","overlay-type":"","overlay-color":"","overlay-opacity":"","overlay-gradient":""},"mobile":{"background-color":"","background-image":"","background-repeat":"repeat","background-position":"center center","background-size":"auto","background-attachment":"scroll","background-type":"","background-media":"","overlay-type":"","overlay-color":"","overlay-opacity":"","overlay-gradient":""}},"ast-content-background-meta":{"desktop":{"background-color":"var(--ast-global-color-4)","background-image":"","background-repeat":"repeat","background-position":"center center","background-size":"auto","background-attachment":"scroll","background-type":"","background-media":"","overlay-type":"","overlay-color":"","overlay-opacity":"","overlay-gradient":""},"tablet":{"background-color":"var(--ast-global-color-4)","background-image":"","background-repeat":"repeat","background-position":"center center","background-size":"auto","background-attachment":"scroll","background-type":"","background-media":"","overlay-type":"","overlay-color":"","overlay-opacity":"","overlay-gradient":""},"mobile":{"background-color":"var(--ast-global-color-4)","background-image":"","background-repeat":"repeat","background-position":"center center","background-size":"auto","background-attachment":"scroll","background-type":"","background-media":"","overlay-type":"","overlay-color":"","overlay-opacity":"","overlay-gradient":""}},"footnotes":""},"categories":[19],"tags":[],"class_list":["post-897","post","type-post","status-publish","format-standard","has-post-thumbnail","hentry","category-noticias"],"_links":{"self":[{"href":"https:\/\/www.mingob.gob.pa\/integrarte\/wp-json\/wp\/v2\/posts\/897","targetHints":{"allow":["GET"]}}],"collection":[{"href":"https:\/\/www.mingob.gob.pa\/integrarte\/wp-json\/wp\/v2\/posts"}],"about":[{"href":"https:\/\/www.mingob.gob.pa\/integrarte\/wp-json\/wp\/v2\/types\/post"}],"author":[{"embeddable":true,"href":"https:\/\/www.mingob.gob.pa\/integrarte\/wp-json\/wp\/v2\/users\/5"}],"replies":[{"embeddable":true,"href":"https:\/\/www.mingob.gob.pa\/integrarte\/wp-json\/wp\/v2\/comments?post=897"}],"version-history":[{"count":0,"href":"https:\/\/www.mingob.gob.pa\/integrarte\/wp-json\/wp\/v2\/posts\/897\/revisions"}],"wp:featuredmedia":[{"embeddable":true,"href":"https:\/\/www.mingob.gob.pa\/integrarte\/wp-json\/wp\/v2\/media\/247"}],"wp:attachment":[{"href":"https:\/\/www.mingob.gob.pa\/integrarte\/wp-json\/wp\/v2\/media?parent=897"}],"wp:term":[{"taxonomy":"category","embeddable":true,"href":"https:\/\/www.mingob.gob.pa\/integrarte\/wp-json\/wp\/v2\/categories?post=897"},{"taxonomy":"post_tag","embeddable":true,"href":"https:\/\/www.mingob.gob.pa\/integrarte\/wp-json\/wp\/v2\/tags?post=897"}],"curies":[{"name":"wp","href":"https:\/\/api.w.org\/{rel}","templated":true}]}}