{"id":46088,"date":"2022-03-30T12:07:08","date_gmt":"2022-03-30T17:07:08","guid":{"rendered":"https:\/\/www.mingob.gob.pa\/integrarte\/?p=46088"},"modified":"2022-04-25T12:08:03","modified_gmt":"2022-04-25T17:08:03","slug":"integrarte-fascina-y-deslumbra-en-pasarela","status":"publish","type":"post","link":"https:\/\/www.mingob.gob.pa\/integrarte\/integrarte-fascina-y-deslumbra-en-pasarela\/","title":{"rendered":"\u201cIntegrArte\u201d fascina y deslumbra en pasarela"},"content":{"rendered":"<p style=\"text-align: justify;\"><strong>Panam\u00e1, 30 de marzo de 2022.<\/strong>\u00a0Una vez m\u00e1s la marca penitenciaria \u201cIntegrarte\u201d se destaca con sus dise\u00f1os confeccionados por las privadas de libertad del Centro Femenino de Rehabilitaci\u00f3n \u201cCecilia Orillac de Chiari\u201d (Cefere) en la pasarela del desfile de modas \u201cMaestros Ancestrales El Origen\u201d, en Expocomer 2022.<\/p>\n<p style=\"text-align: justify;\">Fue una noche m\u00e1gica donde modelos profesionales lucieron la colecci\u00f3n tipo verano \u201cEl \u00e9xito est\u00e1 en tus manos\u201d dise\u00f1ada 100% por las privadas de libertad. En esta ocasi\u00f3n presentaron cuatro vestidos y tres conjuntos de falda y blusa para damas. Adem\u00e1s, por invitaci\u00f3n del Ministerio de Cultura (Mi Cultura) Integrarte particip\u00f3 con un pabell\u00f3n donde expusieron juegos de collares, vestidos para ni\u00f1as, monederos bordados, cosmetiquera, bolsas y pedrer\u00eda en general para damas.<\/p>\n<p style=\"text-align: justify;\">Para el director General del Sistema Penitenciario, Euclides Joel Castillo G., el desfile fue una ventana para que se vea la excelente calidad del producto de las privadas de libertad. \u201cEs un logro alcanzado durante esta administraci\u00f3n de la ministra Janaina Tewaney Mencomo y la direcci\u00f3n General del Sistema Penitenciario que participamos por primera vez en esta exposici\u00f3n comercial que es una vitrina internacional\u201d, recalc\u00f3.<\/p>\n<p style=\"text-align: justify;\">El mensaje de las privadas de libertad que participan en el Taller de Costura Integrarte del Cefere resalta que esta colecci\u00f3n ha sido inspirada en ellas mismas, en c\u00f3mo se proyectan y como se ven en un futuro fuera de este centro. Reiteran el agradecimiento por la oportunidad y se\u00f1alan que lo m\u00e1s importante es que las miren de manera diferente.<\/p>\n<p>[av_gallery ids=&#8217;46087,46086,46085,46084,46083,46082,46081&#8242; style=&#8217;thumbnails&#8217; preview_size=&#8217;portfolio&#8217; crop_big_preview_thumbnail=&#8217;avia-gallery-big-crop-thumb&#8217; thumb_size=&#8217;portfolio&#8217; columns=&#8217;4&#8242; imagelink=&#8217;lightbox&#8217; lazyload=&#8217;avia_lazyload&#8217; av_uid=&#8217;av-2da9e0&#8242; alb_description=\u00bb id=\u00bb custom_class=\u00bb admin_preview_bg=\u00bb]<\/p>\n","protected":false},"excerpt":{"rendered":"<p>Panam\u00e1, 30 de marzo de 2022.\u00a0Una vez m\u00e1s la marca penitenciaria \u201cIntegrarte\u201d se destaca con sus dise\u00f1os confeccionados por las [&hellip;]<\/p>\n","protected":false},"author":5,"featured_media":46085,"comment_status":"closed","ping_status":"closed","sticky":false,"template":"","format":"standard","meta":{"site-sidebar-layout":"default","site-content-layout":"","ast-site-content-layout":"default","site-content-style":"default","site-sidebar-style":"default","ast-global-header-display":"","ast-banner-title-visibility":"","ast-main-header-display":"","ast-hfb-above-header-display":"","ast-hfb-below-header-display":"","ast-hfb-mobile-header-display":"","site-post-title":"","ast-breadcrumbs-content":"","ast-featured-img":"","footer-sml-layout":"","ast-disable-related-posts":"","theme-transparent-header-meta":"","adv-header-id-meta":"","stick-header-meta":"","header-above-stick-meta":"","header-main-stick-meta":"","header-below-stick-meta":"","astra-migrate-meta-layouts":"default","ast-page-background-enabled":"default","ast-page-background-meta":{"desktop":{"background-color":"var(--ast-global-color-5)","background-image":"","background-repeat":"repeat","background-position":"center center","background-size":"auto","background-attachment":"scroll","background-type":"","background-media":"","overlay-type":"","overlay-color":"","overlay-opacity":"","overlay-gradient":""},"tablet":{"background-color":"","background-image":"","background-repeat":"repeat","background-position":"center center","background-size":"auto","background-attachment":"scroll","background-type":"","background-media":"","overlay-type":"","overlay-color":"","overlay-opacity":"","overlay-gradient":""},"mobile":{"background-color":"","background-image":"","background-repeat":"repeat","background-position":"center center","background-size":"auto","background-attachment":"scroll","background-type":"","background-media":"","overlay-type":"","overlay-color":"","overlay-opacity":"","overlay-gradient":""}},"ast-content-background-meta":{"desktop":{"background-color":"var(--ast-global-color-4)","background-image":"","background-repeat":"repeat","background-position":"center center","background-size":"auto","background-attachment":"scroll","background-type":"","background-media":"","overlay-type":"","overlay-color":"","overlay-opacity":"","overlay-gradient":""},"tablet":{"background-color":"var(--ast-global-color-4)","background-image":"","background-repeat":"repeat","background-position":"center center","background-size":"auto","background-attachment":"scroll","background-type":"","background-media":"","overlay-type":"","overlay-color":"","overlay-opacity":"","overlay-gradient":""},"mobile":{"background-color":"var(--ast-global-color-4)","background-image":"","background-repeat":"repeat","background-position":"center center","background-size":"auto","background-attachment":"scroll","background-type":"","background-media":"","overlay-type":"","overlay-color":"","overlay-opacity":"","overlay-gradient":""}},"footnotes":""},"categories":[19],"tags":[],"class_list":["post-46088","post","type-post","status-publish","format-standard","has-post-thumbnail","hentry","category-noticias"],"_links":{"self":[{"href":"https:\/\/www.mingob.gob.pa\/integrarte\/wp-json\/wp\/v2\/posts\/46088","targetHints":{"allow":["GET"]}}],"collection":[{"href":"https:\/\/www.mingob.gob.pa\/integrarte\/wp-json\/wp\/v2\/posts"}],"about":[{"href":"https:\/\/www.mingob.gob.pa\/integrarte\/wp-json\/wp\/v2\/types\/post"}],"author":[{"embeddable":true,"href":"https:\/\/www.mingob.gob.pa\/integrarte\/wp-json\/wp\/v2\/users\/5"}],"replies":[{"embeddable":true,"href":"https:\/\/www.mingob.gob.pa\/integrarte\/wp-json\/wp\/v2\/comments?post=46088"}],"version-history":[{"count":0,"href":"https:\/\/www.mingob.gob.pa\/integrarte\/wp-json\/wp\/v2\/posts\/46088\/revisions"}],"wp:featuredmedia":[{"embeddable":true,"href":"https:\/\/www.mingob.gob.pa\/integrarte\/wp-json\/wp\/v2\/media\/46085"}],"wp:attachment":[{"href":"https:\/\/www.mingob.gob.pa\/integrarte\/wp-json\/wp\/v2\/media?parent=46088"}],"wp:term":[{"taxonomy":"category","embeddable":true,"href":"https:\/\/www.mingob.gob.pa\/integrarte\/wp-json\/wp\/v2\/categories?post=46088"},{"taxonomy":"post_tag","embeddable":true,"href":"https:\/\/www.mingob.gob.pa\/integrarte\/wp-json\/wp\/v2\/tags?post=46088"}],"curies":[{"name":"wp","href":"https:\/\/api.w.org\/{rel}","templated":true}]}}