{"id":45318,"date":"2020-01-22T20:52:25","date_gmt":"2020-01-23T01:52:25","guid":{"rendered":"http:\/\/www.mingob.gob.pa\/?p=45318"},"modified":"2021-06-22T11:58:49","modified_gmt":"2021-06-22T16:58:49","slug":"ministro-de-gobierno-inaugura-stand-de-integrarte-en-feria-internacional-de-la-chorrera","status":"publish","type":"post","link":"https:\/\/www.mingob.gob.pa\/integrarte\/ministro-de-gobierno-inaugura-stand-de-integrarte-en-feria-internacional-de-la-chorrera\/","title":{"rendered":"Ministro de Gobierno inaugura stand de Integrarte en Feria Internacional de La Chorrera"},"content":{"rendered":"<p style=\"text-align: justify;\">Con la finalidad de exponer al p\u00fablico los diversos productos que confeccionan las personas privadas de libertad como parte de la labor de resocializaci\u00f3n que impulsa la Direcci\u00f3n General del Sistema Penitenciario (DGSP), el ministro de Gobierno Carlos Romero, inaugur\u00f3 el stand de IntegrArte en la Feria Internacional de La Chorrera.<\/p>\n<p style=\"text-align: justify;\">Romero destac\u00f3 la importancia de mostrar la obras de arte de las personas privadas de libertad en este programa de resocializaci\u00f3n, en donde aprenden un oficio con nuevas perspectivas de reinserci\u00f3n socio-laboral, por lo que esta administraci\u00f3n promocionar\u00e1 la marca en todas las ferias a nivel nacional.<\/p>\n<p style=\"text-align: justify;\">Mientras que Alma De Le\u00f3n, jefa del Departamento de Planificaci\u00f3n y Proyectos del Sistema Penitenciario, detall\u00f3 que los bolsos, pulseras, alcanc\u00edas, collares, casitas decorativas, cofres, alcanc\u00edas, miniesculturas, mecedoras, entre otros productos que est\u00e1n a la venta, se hacen en los talleres en los centros penitenciarios La Joya, La Nueva Joya, Penonom\u00e9, Tinajitas y el Centro Femenino de Rehabilitaci\u00f3n Cecilia Orillac de Chiari (Cefere), lugares en el que trabajan m\u00e1s de 120 personas privadas de libertad.<\/p>\n<p style=\"text-align: justify;\"><strong>Recorrido por stand del Sinaproc<\/strong><br \/>\nEl Titular de Gobierno visit\u00f3 el stand del Sistema Nacional de Protecci\u00f3n Civil, sitio en el que la\u00a0 ciudadan\u00eda tendr\u00e1 acceso a informaci\u00f3n sobre medidas de prevenci\u00f3n, primeros auxilios, entre otros.<\/p>\n<blockquote><p><strong>Publicado por: Irvin Delgado \/Foto: Israel V\u00e1squez<\/strong><\/p><\/blockquote>\n<p>[av_gallery ids=&#8217;45329,45328,45327,45326,45325,45324,45323,45322,45321,45320&#8242; style=&#8217;thumbnails&#8217; preview_size=&#8217;portfolio&#8217; crop_big_preview_thumbnail=&#8217;avia-gallery-big-crop-thumb&#8217; thumb_size=&#8217;portfolio&#8217; columns=&#8217;5&#8242; imagelink=&#8217;lightbox&#8217; lazyload=&#8217;avia_lazyload&#8217; av_uid=&#8217;av-2mc16u&#8217; alb_description=\u00bb id=\u00bb custom_class=\u00bb admin_preview_bg=\u00bb]<\/p>\n","protected":false},"excerpt":{"rendered":"<p>Con la finalidad de exponer al p\u00fablico los diversos productos que confeccionan las personas privadas de libertad como parte de [&hellip;]<\/p>\n","protected":false},"author":5,"featured_media":45327,"comment_status":"closed","ping_status":"closed","sticky":false,"template":"","format":"standard","meta":{"site-sidebar-layout":"default","site-content-layout":"","ast-site-content-layout":"default","site-content-style":"default","site-sidebar-style":"default","ast-global-header-display":"","ast-banner-title-visibility":"","ast-main-header-display":"","ast-hfb-above-header-display":"","ast-hfb-below-header-display":"","ast-hfb-mobile-header-display":"","site-post-title":"","ast-breadcrumbs-content":"","ast-featured-img":"","footer-sml-layout":"","ast-disable-related-posts":"","theme-transparent-header-meta":"","adv-header-id-meta":"","stick-header-meta":"","header-above-stick-meta":"","header-main-stick-meta":"","header-below-stick-meta":"","astra-migrate-meta-layouts":"default","ast-page-background-enabled":"default","ast-page-background-meta":{"desktop":{"background-color":"var(--ast-global-color-5)","background-image":"","background-repeat":"repeat","background-position":"center center","background-size":"auto","background-attachment":"scroll","background-type":"","background-media":"","overlay-type":"","overlay-color":"","overlay-opacity":"","overlay-gradient":""},"tablet":{"background-color":"","background-image":"","background-repeat":"repeat","background-position":"center center","background-size":"auto","background-attachment":"scroll","background-type":"","background-media":"","overlay-type":"","overlay-color":"","overlay-opacity":"","overlay-gradient":""},"mobile":{"background-color":"","background-image":"","background-repeat":"repeat","background-position":"center center","background-size":"auto","background-attachment":"scroll","background-type":"","background-media":"","overlay-type":"","overlay-color":"","overlay-opacity":"","overlay-gradient":""}},"ast-content-background-meta":{"desktop":{"background-color":"var(--ast-global-color-4)","background-image":"","background-repeat":"repeat","background-position":"center center","background-size":"auto","background-attachment":"scroll","background-type":"","background-media":"","overlay-type":"","overlay-color":"","overlay-opacity":"","overlay-gradient":""},"tablet":{"background-color":"var(--ast-global-color-4)","background-image":"","background-repeat":"repeat","background-position":"center center","background-size":"auto","background-attachment":"scroll","background-type":"","background-media":"","overlay-type":"","overlay-color":"","overlay-opacity":"","overlay-gradient":""},"mobile":{"background-color":"var(--ast-global-color-4)","background-image":"","background-repeat":"repeat","background-position":"center center","background-size":"auto","background-attachment":"scroll","background-type":"","background-media":"","overlay-type":"","overlay-color":"","overlay-opacity":"","overlay-gradient":""}},"footnotes":""},"categories":[23,19],"tags":[],"class_list":["post-45318","post","type-post","status-publish","format-standard","has-post-thumbnail","hentry","category-destacadas","category-noticias"],"_links":{"self":[{"href":"https:\/\/www.mingob.gob.pa\/integrarte\/wp-json\/wp\/v2\/posts\/45318","targetHints":{"allow":["GET"]}}],"collection":[{"href":"https:\/\/www.mingob.gob.pa\/integrarte\/wp-json\/wp\/v2\/posts"}],"about":[{"href":"https:\/\/www.mingob.gob.pa\/integrarte\/wp-json\/wp\/v2\/types\/post"}],"author":[{"embeddable":true,"href":"https:\/\/www.mingob.gob.pa\/integrarte\/wp-json\/wp\/v2\/users\/5"}],"replies":[{"embeddable":true,"href":"https:\/\/www.mingob.gob.pa\/integrarte\/wp-json\/wp\/v2\/comments?post=45318"}],"version-history":[{"count":0,"href":"https:\/\/www.mingob.gob.pa\/integrarte\/wp-json\/wp\/v2\/posts\/45318\/revisions"}],"wp:featuredmedia":[{"embeddable":true,"href":"https:\/\/www.mingob.gob.pa\/integrarte\/wp-json\/wp\/v2\/media\/45327"}],"wp:attachment":[{"href":"https:\/\/www.mingob.gob.pa\/integrarte\/wp-json\/wp\/v2\/media?parent=45318"}],"wp:term":[{"taxonomy":"category","embeddable":true,"href":"https:\/\/www.mingob.gob.pa\/integrarte\/wp-json\/wp\/v2\/categories?post=45318"},{"taxonomy":"post_tag","embeddable":true,"href":"https:\/\/www.mingob.gob.pa\/integrarte\/wp-json\/wp\/v2\/tags?post=45318"}],"curies":[{"name":"wp","href":"https:\/\/api.w.org\/{rel}","templated":true}]}}