{"id":246,"date":"2016-11-03T16:47:20","date_gmt":"2016-11-03T16:47:20","guid":{"rendered":"http:\/\/www.mingob.gob.pa\/prueba\/?p=246"},"modified":"2017-09-21T10:04:48","modified_gmt":"2017-09-21T15:04:48","slug":"la-primera-marca-penitenciaria-de-panama-integrarte-se-posiciona-durante-desfiles-patrios-lucida-por-las-mujeres-del-gabinete","status":"publish","type":"post","link":"https:\/\/www.mingob.gob.pa\/integrarte\/la-primera-marca-penitenciaria-de-panama-integrarte-se-posiciona-durante-desfiles-patrios-lucida-por-las-mujeres-del-gabinete\/","title":{"rendered":"La primera marca penitenciaria de Panam\u00e1, \u201cIntegrArte\u201d se posiciona durante desfiles patrios lucida por las mujeres del Gabinete"},"content":{"rendered":"<p>&nbsp;<\/p>\n<p><a href=\"https:\/\/www.mingob.gob.pa\/prueba\/wp-content\/uploads\/sites\/12\/2017\/05\/INTEGRARTE-DESFILE-PATRIO-1-1030x687-1.jpg\"><img fetchpriority=\"high\" decoding=\"async\" class=\"alignleft size-full wp-image-256\" src=\"https:\/\/www.mingob.gob.pa\/prueba\/wp-content\/uploads\/sites\/12\/2017\/05\/INTEGRARTE-DESFILE-PATRIO-1-1030x687-1.jpg\" alt=\"\" width=\"1030\" height=\"687\" srcset=\"https:\/\/www.mingob.gob.pa\/integrarte\/wp-content\/uploads\/sites\/12\/2017\/05\/INTEGRARTE-DESFILE-PATRIO-1-1030x687-1.jpg 1030w, https:\/\/www.mingob.gob.pa\/integrarte\/wp-content\/uploads\/sites\/12\/2017\/05\/INTEGRARTE-DESFILE-PATRIO-1-1030x687-1-300x200.jpg 300w, https:\/\/www.mingob.gob.pa\/integrarte\/wp-content\/uploads\/sites\/12\/2017\/05\/INTEGRARTE-DESFILE-PATRIO-1-1030x687-1-768x512.jpg 768w, https:\/\/www.mingob.gob.pa\/integrarte\/wp-content\/uploads\/sites\/12\/2017\/05\/INTEGRARTE-DESFILE-PATRIO-1-1030x687-1-705x470.jpg 705w, https:\/\/www.mingob.gob.pa\/integrarte\/wp-content\/uploads\/sites\/12\/2017\/05\/INTEGRARTE-DESFILE-PATRIO-1-1030x687-1-450x300.jpg 450w\" sizes=\"(max-width: 1030px) 100vw, 1030px\" \/><\/a><\/p>\n<p>&nbsp;<\/p>\n<p>&nbsp;<\/p>\n<p><strong>Panam\u00e1 3 de noviembre de 2016.<\/strong> La vicepresidente de la Rep\u00fablica y ministra de Relaciones Exteriores, Isabel Saint Malo de Alvarado, la ministra de Ambiente Mirei Endara, la ministra de Ampyme, as\u00ed como las viceministras de Desarrollo Social, Finanzas lucieron este 3 de noviembres vestidos de la colecci\u00f3n \u201cPara\u00edso \u00c9tnico\u201d de la primera marca penitenciaria de Panam\u00e1, \u201cIntegrArte\u201d elaborados por mujeres privadas de libertad del Centro Femenino de Rehabilitaci\u00f3n Cecilia Orillac de Chiari (CEFERE).<\/p>\n<p>Cada una de las piezas de la colecci\u00f3n \u201cPara\u00edso \u00c9tnico\u201d de IntegrArte, (la primera colecci\u00f3n de ropa de la marca penitenciaria de Panam\u00e1), est\u00e1 basada en las t\u00e9cnicas tradicionales utilizadas para la elaboraci\u00f3n del traje t\u00edpico nacional y de los trajes aut\u00f3ctonos de los pueblos ind\u00edgenas paname\u00f1os, combinados con el estilo de los a\u00f1os 70s y 80s, dando como resultado una imagen colorida, vibrante y fresca, propia de la identidad de nuestro Panam\u00e1.<\/p>\n<p>IntegrArte es un ejemplo pr\u00e1ctico y real de lo que debe ser la atenci\u00f3n a las personas privadas de libertad seg\u00fan lo establecido en los instrumentos internacionales, entre ellos las Reglas de Bangkok y las Reglas Nelson Mandela y c\u00f3mo Panam\u00e1 est\u00e1 dando cumplimiento a las mismas.<\/p>\n<p>La vicepresidente de la Rep\u00fablica, Isabel Saint Malo de Alvarado manifest\u00f3 que \u201ces un orgullo para las mujeres del Gabinete celebrar 113 a\u00f1os de vida republicana luciendo atuendos de la primera marca penitenciaria de Panam\u00e1, IntegrArte, que aspiramos convertir en un movimiento social transformador\u201d.<br \/>\nEl vestido utilizado por la Vicepresidente est\u00e1 inspirado en la cultura Kuna con detalles en mola color celeste, cuello media bandeja, mangas cortas y falda acampanada.<\/p>\n<p>La ministra de Ambiente, Mirei Endara, luci\u00f3 un faj\u00f3n rojo vino grueso elaborado en mola con detalles de Bisu-Bisu y flores. La viceministra de Desarrollo Social, Michell Muschett, visti\u00f3 un traje amarillo tipo c\u00f3ctel con motivos elaborados en borde de escote, basta y tiras de cintura con detalles en mola inspirados en la cultura Guna.<\/p>\n<p>Mientras que Maria Celia Dopeso, ministra de la Autoridad de la Micro, Peque\u00f1a y Mediana Empresa (AMPYME) us\u00f3 un vestido azul turquesa tipo c\u00f3ctel medio escotado, mangas tres cuarto, falda campana, con dise\u00f1os de mola en escote y borde de mangas, acompa\u00f1ado con un faj\u00f3n de mola con tiras cruzadas de cierre inspirado en la cultura Ng\u00f6be Bugl\u00e9 y la viceministra de Econom\u00eda y Finanzas, Eyda Varela, utiliz\u00f3 un conjunto ejecutivo que incluye una camisa naranja de tiras y vuelos, un pantal\u00f3n rojo vino cl\u00e1sico y un saco del mismo tono con detalles en mola inspirados en la cultura Kuna.<\/p>\n<p>Para el 5 de noviembre la viceministra de Ampyme, Nedelka Navas se vestir\u00e1 igualmente de IntegrArte as\u00ed como tambi\u00e9n la viceministra de Gobierno, Mar\u00eda Luisa Romero para el 10 de noviembre.<\/p>\n<p>El equipo del Taller de Libertad trabaja en el dise\u00f1o de un vestido IntegrArte exclusivo para la primera dama de la Rep\u00fablica, Lorena Castillo de Varela, que le ser\u00e1 entregado pr\u00f3ximamente.<\/p>\n<p>El ministro de Gobierno, Milton Henr\u00edquez destac\u00f3 que con la marca \u201cIntegrArte\u201d se busca generar un sistema de producci\u00f3n que permita pagarles una remuneraci\u00f3n a las personas privadas de libertad que se encargan de la confecci\u00f3n de estos productos, que les ayude a mantener a sus familias.<\/p>\n<p>Por su parte, la viceministra de Desarrollo Social, Michell Muschett catalog\u00f3 como un excelente trabajo el que viene haciendo el Ministerio de Gobierno con la marca \u201cIntegrArte\u201d porque es una manera de utilizar la creatividad de personas que est\u00e1n viviendo situaciones complejas \u201ccometer un error, recibir un castigo por ese error no son cosas f\u00e1ciles de asimilar para ning\u00fan ser humano y nosotros no debemos ser quienes para juzgar sino ver como Estado c\u00f3mo logramos generar las condiciones para que esas personas una vez salgan puedan tener una mejor vida\u201d.<\/p>\n<p>Esta marca surge en el contexto del Proyecto de Cooperaci\u00f3n en Seguridad con Panam\u00e1 (SECOPA), implementado por la Oficina Regional de las Naciones Unidas contra la Droga y el Delito para Centroam\u00e9rica y el Caribe en Panam\u00e1 (UNODC ROPAN), con el financiamiento de la Uni\u00f3n Europea, que apoya al Ministerio de Gobierno y a la Direcci\u00f3n General del Sistema Penitenciario de Panam\u00e1 a efectos de fortalecer y modernizar la capacidad de gesti\u00f3n penitenciaria para facilitar la reintegraci\u00f3n social de las personas privadas de libertad desde una perspectiva de derechos humanos.<\/p>\n<p><strong>Fuente: Katherine Palacio\/Magda Maxwell\/ Foto: Alberto Ortega<\/strong><\/p>\n","protected":false},"excerpt":{"rendered":"<p>&nbsp; &nbsp; &nbsp; Panam\u00e1 3 de noviembre de 2016. La vicepresidente de la Rep\u00fablica y ministra de Relaciones Exteriores, Isabel [&hellip;]<\/p>\n","protected":false},"author":5,"featured_media":256,"comment_status":"closed","ping_status":"open","sticky":false,"template":"","format":"standard","meta":{"site-sidebar-layout":"default","site-content-layout":"","ast-site-content-layout":"default","site-content-style":"default","site-sidebar-style":"default","ast-global-header-display":"","ast-banner-title-visibility":"","ast-main-header-display":"","ast-hfb-above-header-display":"","ast-hfb-below-header-display":"","ast-hfb-mobile-header-display":"","site-post-title":"","ast-breadcrumbs-content":"","ast-featured-img":"","footer-sml-layout":"","ast-disable-related-posts":"","theme-transparent-header-meta":"","adv-header-id-meta":"","stick-header-meta":"","header-above-stick-meta":"","header-main-stick-meta":"","header-below-stick-meta":"","astra-migrate-meta-layouts":"default","ast-page-background-enabled":"default","ast-page-background-meta":{"desktop":{"background-color":"var(--ast-global-color-5)","background-image":"","background-repeat":"repeat","background-position":"center center","background-size":"auto","background-attachment":"scroll","background-type":"","background-media":"","overlay-type":"","overlay-color":"","overlay-opacity":"","overlay-gradient":""},"tablet":{"background-color":"","background-image":"","background-repeat":"repeat","background-position":"center center","background-size":"auto","background-attachment":"scroll","background-type":"","background-media":"","overlay-type":"","overlay-color":"","overlay-opacity":"","overlay-gradient":""},"mobile":{"background-color":"","background-image":"","background-repeat":"repeat","background-position":"center center","background-size":"auto","background-attachment":"scroll","background-type":"","background-media":"","overlay-type":"","overlay-color":"","overlay-opacity":"","overlay-gradient":""}},"ast-content-background-meta":{"desktop":{"background-color":"var(--ast-global-color-4)","background-image":"","background-repeat":"repeat","background-position":"center center","background-size":"auto","background-attachment":"scroll","background-type":"","background-media":"","overlay-type":"","overlay-color":"","overlay-opacity":"","overlay-gradient":""},"tablet":{"background-color":"var(--ast-global-color-4)","background-image":"","background-repeat":"repeat","background-position":"center center","background-size":"auto","background-attachment":"scroll","background-type":"","background-media":"","overlay-type":"","overlay-color":"","overlay-opacity":"","overlay-gradient":""},"mobile":{"background-color":"var(--ast-global-color-4)","background-image":"","background-repeat":"repeat","background-position":"center center","background-size":"auto","background-attachment":"scroll","background-type":"","background-media":"","overlay-type":"","overlay-color":"","overlay-opacity":"","overlay-gradient":""}},"footnotes":""},"categories":[19],"tags":[],"class_list":["post-246","post","type-post","status-publish","format-standard","has-post-thumbnail","hentry","category-noticias"],"_links":{"self":[{"href":"https:\/\/www.mingob.gob.pa\/integrarte\/wp-json\/wp\/v2\/posts\/246","targetHints":{"allow":["GET"]}}],"collection":[{"href":"https:\/\/www.mingob.gob.pa\/integrarte\/wp-json\/wp\/v2\/posts"}],"about":[{"href":"https:\/\/www.mingob.gob.pa\/integrarte\/wp-json\/wp\/v2\/types\/post"}],"author":[{"embeddable":true,"href":"https:\/\/www.mingob.gob.pa\/integrarte\/wp-json\/wp\/v2\/users\/5"}],"replies":[{"embeddable":true,"href":"https:\/\/www.mingob.gob.pa\/integrarte\/wp-json\/wp\/v2\/comments?post=246"}],"version-history":[{"count":0,"href":"https:\/\/www.mingob.gob.pa\/integrarte\/wp-json\/wp\/v2\/posts\/246\/revisions"}],"wp:featuredmedia":[{"embeddable":true,"href":"https:\/\/www.mingob.gob.pa\/integrarte\/wp-json\/wp\/v2\/media\/256"}],"wp:attachment":[{"href":"https:\/\/www.mingob.gob.pa\/integrarte\/wp-json\/wp\/v2\/media?parent=246"}],"wp:term":[{"taxonomy":"category","embeddable":true,"href":"https:\/\/www.mingob.gob.pa\/integrarte\/wp-json\/wp\/v2\/categories?post=246"},{"taxonomy":"post_tag","embeddable":true,"href":"https:\/\/www.mingob.gob.pa\/integrarte\/wp-json\/wp\/v2\/tags?post=246"}],"curies":[{"name":"wp","href":"https:\/\/api.w.org\/{rel}","templated":true}]}}