{"id":242,"date":"2016-11-20T16:45:14","date_gmt":"2016-11-20T16:45:14","guid":{"rendered":"http:\/\/www.mingob.gob.pa\/prueba\/?p=242"},"modified":"2017-09-21T10:04:47","modified_gmt":"2017-09-21T15:04:47","slug":"todo-un-exito-participacion-de-integrarte-en-festival-de-emprendimiento","status":"publish","type":"post","link":"https:\/\/www.mingob.gob.pa\/integrarte\/todo-un-exito-participacion-de-integrarte-en-festival-de-emprendimiento\/","title":{"rendered":"Todo un \u00e9xito participaci\u00f3n de \u00abIntegrArte\u00bb en Festival de Emprendimiento"},"content":{"rendered":"<p><a href=\"https:\/\/www.mingob.gob.pa\/prueba\/wp-content\/uploads\/sites\/12\/2017\/05\/FESTIVAL-EMPRENDIMIENTO.jpg\"><img fetchpriority=\"high\" decoding=\"async\" class=\"aligncenter size-full wp-image-243\" src=\"https:\/\/www.mingob.gob.pa\/prueba\/wp-content\/uploads\/sites\/12\/2017\/05\/FESTIVAL-EMPRENDIMIENTO.jpg\" alt=\"\" width=\"1030\" height=\"687\" srcset=\"https:\/\/www.mingob.gob.pa\/integrarte\/wp-content\/uploads\/sites\/12\/2017\/05\/FESTIVAL-EMPRENDIMIENTO.jpg 1030w, https:\/\/www.mingob.gob.pa\/integrarte\/wp-content\/uploads\/sites\/12\/2017\/05\/FESTIVAL-EMPRENDIMIENTO-300x200.jpg 300w, https:\/\/www.mingob.gob.pa\/integrarte\/wp-content\/uploads\/sites\/12\/2017\/05\/FESTIVAL-EMPRENDIMIENTO-768x512.jpg 768w, https:\/\/www.mingob.gob.pa\/integrarte\/wp-content\/uploads\/sites\/12\/2017\/05\/FESTIVAL-EMPRENDIMIENTO-705x470.jpg 705w, https:\/\/www.mingob.gob.pa\/integrarte\/wp-content\/uploads\/sites\/12\/2017\/05\/FESTIVAL-EMPRENDIMIENTO-450x300.jpg 450w\" sizes=\"(max-width: 1030px) 100vw, 1030px\" \/><\/a><\/p>\n<p><strong>Panam\u00e1 20 de noviembre de 2016.<\/strong> La Primera Marca Penitenciaria de Panam\u00e1: IntegrArte, ha logrado posicionarse y prueba de ello es el \u00e9xito registrado este viernes en el desfile de modas de la colecci\u00f3n \u00abPara\u00edso \u00c9tnico\u00bb, durante el Festival de Emprendimiento realizado por la Autoridad de la Micro, Peque\u00f1a y Mediana Empresa, donde los presentes destacaron la labor social que est\u00e1 llevando adelante el Ministerio de Gobierno para la rehabilitaci\u00f3n de personas privadas de libertad.<\/p>\n<p>Los privados y privadas de libertad, quienes modelaron los dise\u00f1os de la colecci\u00f3n de la dise\u00f1adora F\u00e1tima Vargas, recibieron una ovaci\u00f3n de pie por parte de los asistentes al evento quienes no perdieron la oportunidad para felicitarlos y motivarlos aprovechar esta segunda oportunidad de rehabilitaci\u00f3n para reinsertarse como personas productivas en la sociedad.<\/p>\n<p>Estos dise\u00f1os confeccionados por privadas de libertad dentro del Taller de Libertad del Centro Femenino de Rehabilitaci\u00f3n Cecilia Orillac de Chiari (CEFERE), fueron del agrado de los micros y peque\u00f1os empresarios a quienes estaba dirigido el evento, ya que como emprendedores vieron en este proyecto un modelo a seguir para lograr el \u00e9xito.<\/p>\n<p>Sharon D\u00edaz, subdirectora del Sistema Penitenciario explic\u00f3 que esta iniciativa surgi\u00f3 con la asesor\u00eda t\u00e9cnica de la Oficina de Naciones Unidas contra la Droga y el Delito (UNODC) y el nombre IntegrArte viene a ser la \u00abintegraci\u00f3n y el arte\u00bb juntos para buscar que la sociedad en general se conecte con la poblaci\u00f3n privada de libertad.<\/p>\n<p>\u00abLa esencia de este proyecto es darle la oportunidad a este grupo de la poblaci\u00f3n que est\u00e1 por un momento privado de libertad a que crean en ellos, que tengan esperanza, que sepan que despu\u00e9s de la c\u00e1rcel sigue la vida y que tienen que de una u otra forma llevar adelante sus proyectos porque necesitan tener la sostenibilidad no solo de sus familia sino de ellos mismos, y sobre todo por la sociedad que debe apoyar para estas segundas oportunidades que repercute en la seguridad de todos\u00bb, destac\u00f3 D\u00edaz.<\/p>\n<p>La ministra de la Micro, Peque\u00f1a y Mediana Empresa, Mar\u00eda Celia Dopeso, agradeci\u00f3 al Ministerio de Gobierno y a cada uno de los privados y privadas de libertad por la excelente labor que viene realizando a trav\u00e9s de la marca IntegrArte.<\/p>\n<p>Mientras Yaribeth Miranda en representaci\u00f3n de las privadas de libertad que forman parte del proyecto IntegrArte dijo haber crecido a trav\u00e9s de este proyecto. \u00abIntegrarte ha hecho que vea las cosas diferentes para enfrentarme a la sociedad y me gustar\u00eda que se nos tome en cuenta para emprender sue\u00f1os que se hagan realidad\u00bb precis\u00f3 Miranda.<\/p>\n<p>El p\u00fablico por su parte les recordaron a los privados y privadas de libertad que se les est\u00e1 dando una nueva oportunidad y que como sociedad conf\u00edan que ellos pueden hacer la diferencia por s\u00ed mismos, sus familias y por su pa\u00eds.<\/p>\n<p>El Sistema Penitenciario contempla la implementaci\u00f3n de los Talleres de Libertad al resto de los centros penitenciarios a nivel nacional. Actualmente funciona en el CEFERE donde se confecciona los vestidos de la colecci\u00f3n \u00abPara\u00edso \u00c9tnico\u00bb, as\u00ed como la bisuter\u00eda; en el taller de la c\u00e1rcel P\u00fablica de David se confeccionan los muebles y en el Centro Penitenciario La Joya se hacen las artesan\u00edas que forman parte de la marca IntegrArte.<\/p>\n<p><strong>Fuente: Katherine Palacio\/ Fotos: Israel V\u00e1squez<\/strong><\/p>\n","protected":false},"excerpt":{"rendered":"<p>Panam\u00e1 20 de noviembre de 2016. La Primera Marca Penitenciaria de Panam\u00e1: IntegrArte, ha logrado posicionarse y prueba de ello [&hellip;]<\/p>\n","protected":false},"author":5,"featured_media":243,"comment_status":"closed","ping_status":"open","sticky":false,"template":"","format":"standard","meta":{"site-sidebar-layout":"default","site-content-layout":"","ast-site-content-layout":"default","site-content-style":"default","site-sidebar-style":"default","ast-global-header-display":"","ast-banner-title-visibility":"","ast-main-header-display":"","ast-hfb-above-header-display":"","ast-hfb-below-header-display":"","ast-hfb-mobile-header-display":"","site-post-title":"","ast-breadcrumbs-content":"","ast-featured-img":"","footer-sml-layout":"","ast-disable-related-posts":"","theme-transparent-header-meta":"","adv-header-id-meta":"","stick-header-meta":"","header-above-stick-meta":"","header-main-stick-meta":"","header-below-stick-meta":"","astra-migrate-meta-layouts":"default","ast-page-background-enabled":"default","ast-page-background-meta":{"desktop":{"background-color":"var(--ast-global-color-5)","background-image":"","background-repeat":"repeat","background-position":"center center","background-size":"auto","background-attachment":"scroll","background-type":"","background-media":"","overlay-type":"","overlay-color":"","overlay-opacity":"","overlay-gradient":""},"tablet":{"background-color":"","background-image":"","background-repeat":"repeat","background-position":"center center","background-size":"auto","background-attachment":"scroll","background-type":"","background-media":"","overlay-type":"","overlay-color":"","overlay-opacity":"","overlay-gradient":""},"mobile":{"background-color":"","background-image":"","background-repeat":"repeat","background-position":"center center","background-size":"auto","background-attachment":"scroll","background-type":"","background-media":"","overlay-type":"","overlay-color":"","overlay-opacity":"","overlay-gradient":""}},"ast-content-background-meta":{"desktop":{"background-color":"var(--ast-global-color-4)","background-image":"","background-repeat":"repeat","background-position":"center center","background-size":"auto","background-attachment":"scroll","background-type":"","background-media":"","overlay-type":"","overlay-color":"","overlay-opacity":"","overlay-gradient":""},"tablet":{"background-color":"var(--ast-global-color-4)","background-image":"","background-repeat":"repeat","background-position":"center center","background-size":"auto","background-attachment":"scroll","background-type":"","background-media":"","overlay-type":"","overlay-color":"","overlay-opacity":"","overlay-gradient":""},"mobile":{"background-color":"var(--ast-global-color-4)","background-image":"","background-repeat":"repeat","background-position":"center center","background-size":"auto","background-attachment":"scroll","background-type":"","background-media":"","overlay-type":"","overlay-color":"","overlay-opacity":"","overlay-gradient":""}},"footnotes":""},"categories":[19],"tags":[],"class_list":["post-242","post","type-post","status-publish","format-standard","has-post-thumbnail","hentry","category-noticias"],"_links":{"self":[{"href":"https:\/\/www.mingob.gob.pa\/integrarte\/wp-json\/wp\/v2\/posts\/242","targetHints":{"allow":["GET"]}}],"collection":[{"href":"https:\/\/www.mingob.gob.pa\/integrarte\/wp-json\/wp\/v2\/posts"}],"about":[{"href":"https:\/\/www.mingob.gob.pa\/integrarte\/wp-json\/wp\/v2\/types\/post"}],"author":[{"embeddable":true,"href":"https:\/\/www.mingob.gob.pa\/integrarte\/wp-json\/wp\/v2\/users\/5"}],"replies":[{"embeddable":true,"href":"https:\/\/www.mingob.gob.pa\/integrarte\/wp-json\/wp\/v2\/comments?post=242"}],"version-history":[{"count":0,"href":"https:\/\/www.mingob.gob.pa\/integrarte\/wp-json\/wp\/v2\/posts\/242\/revisions"}],"wp:featuredmedia":[{"embeddable":true,"href":"https:\/\/www.mingob.gob.pa\/integrarte\/wp-json\/wp\/v2\/media\/243"}],"wp:attachment":[{"href":"https:\/\/www.mingob.gob.pa\/integrarte\/wp-json\/wp\/v2\/media?parent=242"}],"wp:term":[{"taxonomy":"category","embeddable":true,"href":"https:\/\/www.mingob.gob.pa\/integrarte\/wp-json\/wp\/v2\/categories?post=242"},{"taxonomy":"post_tag","embeddable":true,"href":"https:\/\/www.mingob.gob.pa\/integrarte\/wp-json\/wp\/v2\/tags?post=242"}],"curies":[{"name":"wp","href":"https:\/\/api.w.org\/{rel}","templated":true}]}}