{"id":2123,"date":"2018-10-13T11:16:13","date_gmt":"2018-10-13T16:16:13","guid":{"rendered":"http:\/\/www.mingob.gob.pa\/integrarte\/?p=2123"},"modified":"2020-05-28T14:25:59","modified_gmt":"2020-05-28T19:25:59","slug":"con-exposicion-de-productos-la-marca-penitenciaria-integrarte-celebra-su-segundo-ano-de-lanzamiento","status":"publish","type":"post","link":"https:\/\/www.mingob.gob.pa\/integrarte\/con-exposicion-de-productos-la-marca-penitenciaria-integrarte-celebra-su-segundo-ano-de-lanzamiento\/","title":{"rendered":"Con exposici\u00f3n de productos la Marca Penitenciaria \u201cIntegrArte\u201d celebra su segundo a\u00f1o de lanzamiento"},"content":{"rendered":"<p style=\"text-align: justify\"><strong><img fetchpriority=\"high\" decoding=\"async\" class=\"size-full wp-image-2111 aligncenter\" src=\"https:\/\/www.mingob.gob.pa\/integrarte\/wp-content\/uploads\/sites\/12\/2018\/10\/IMG_0357.jpg\" alt=\"\" width=\"1200\" height=\"800\" srcset=\"https:\/\/www.mingob.gob.pa\/integrarte\/wp-content\/uploads\/sites\/12\/2018\/10\/IMG_0357.jpg 1200w, https:\/\/www.mingob.gob.pa\/integrarte\/wp-content\/uploads\/sites\/12\/2018\/10\/IMG_0357-300x200.jpg 300w, https:\/\/www.mingob.gob.pa\/integrarte\/wp-content\/uploads\/sites\/12\/2018\/10\/IMG_0357-768x512.jpg 768w, https:\/\/www.mingob.gob.pa\/integrarte\/wp-content\/uploads\/sites\/12\/2018\/10\/IMG_0357-1030x687.jpg 1030w, https:\/\/www.mingob.gob.pa\/integrarte\/wp-content\/uploads\/sites\/12\/2018\/10\/IMG_0357-705x470.jpg 705w, https:\/\/www.mingob.gob.pa\/integrarte\/wp-content\/uploads\/sites\/12\/2018\/10\/IMG_0357-600x400.jpg 600w\" sizes=\"(max-width: 1200px) 100vw, 1200px\" \/>Panam\u00e1 13 de octubre de 2018.<\/strong>\u00a0Con una exposici\u00f3n y venta de productos confeccionados por personas privadas de libertad, la primera Marca Penitenciaria del pa\u00eds \u201cIntegrArte\u201d, celebr\u00f3 sus dos a\u00f1os tras su lanzamiento el 6 de octubre de 2016.<\/p>\n<p style=\"text-align: justify\">La exhibici\u00f3n y venta realizada en el Centro Comercial Albrook Mall, tuvo gran acogida entre el p\u00fablico quienes adquirieron diversos productos. Se cont\u00f3 adem\u00e1s con la participaci\u00f3n del ministro de Gobierno, Carlos Rubio; la viceministra de Gobierno, Gina de Sossa; la secretaria general, Maritza Royo y el director de Sistema Penitenciario, Armando Medina.<\/p>\n<p style=\"text-align: justify\">Actualmente la Marca Penitenciaria \u201cIntegrArte\u201d, cuenta con 120 personas privadas de libertad de los Centros Penitenciarios La Joya, Tinajita y el Centro Femenino de Rehabilitaci\u00f3n \u201cCecilia Orillac de Chiari\u201d (CEFERE), quienes trabajan en los Talleres de Libertad, donde se confecci\u00f3n de estos productos que incluyen: mesas, sillas, cuadros tallados en madera, bisuter\u00eda, entre otros.<\/p>\n<p style=\"text-align: justify\">El ministro Rubio, resalt\u00f3 que \u201cIntegrArte\u201d, es un programa de resocializaci\u00f3n que ha roto esquemas y ha demostrado a la regi\u00f3n y el mundo que se pueden hacer las cosas diferentes en el Sistema Penitenciario, a trav\u00e9s de la organizaci\u00f3n, disciplina y creatividad de los privados de libertad.<\/p>\n<p style=\"text-align: justify\">Mientras que el director del Sistema Penitenciario, Armando Medina, se\u00f1al\u00f3 que como programa \u201cIntegrArte\u201d, ofrece a las personas privadas de libertad la oportunidad de adquirir conocimientos para el desarrollo de habilidades, por medio de la educaci\u00f3n y capacitaci\u00f3n t\u00e9cnico-laboral e intervenciones especializadas que facilitan el proceso de reinserci\u00f3n a la sociedad.<\/p>\n<p style=\"text-align: justify\">Lesly L\u00f3pez, quien forma parte de IntegrArte en el CEFERE, dijo estar agradecida con este programa porque ha aportado a su proceso de resocializaci\u00f3n a trav\u00e9s de los conocimientos adquiridos, permiti\u00e9ndoles poner el mayor empe\u00f1o posible en la producci\u00f3n de los productos.<\/p>\n<p style=\"text-align: justify\">\u201cIntegrArte\u201d, cuenta con tres puntos de ventas: en la sede del Ministerio de Gobierno (MinGob), en la planta baja del PH Miramar en la Avenida Balboa, donde se encuentran las oficinas del Sistema Penitenciario y en el Mercado de Artesan\u00edas de Panam\u00e1 Viejo.<\/p>\n<p style=\"text-align: justify\">Durante este evento se hizo entrega de manos de la viceministra de Gobierno, Gina de Sossa, de una canastilla con art\u00edculos para beb\u00e9s a la se\u00f1ora Yaribeth Rivas, esposa de uno de los privados de libertad que forman parte del programa.<\/p>\n<blockquote><p><strong>Publicado por: Ministerio de Gobierno.<\/strong><\/p><\/blockquote>\n<p>[av_gallery ids=&#8217;2122,2121,2120,2119,2118,2117,2116,2115,2114,2113,2112,2111,2110,2109,2108&#8242; style=&#8217;thumbnails&#8217; preview_size=&#8217;portfolio&#8217; crop_big_preview_thumbnail=&#8217;avia-gallery-big-crop-thumb&#8217; thumb_size=&#8217;portfolio&#8217; columns=&#8217;5&#8242; imagelink=&#8217;lightbox&#8217; lazyload=&#8217;avia_lazyload&#8217; av_uid=&#8217;av-29b7q3&#8242;]<\/p>\n<p>&nbsp;<\/p>\n<p>&nbsp;<\/p>\n","protected":false},"excerpt":{"rendered":"<p>Panam\u00e1 13 de octubre de 2018.\u00a0Con una exposici\u00f3n y venta de productos confeccionados por personas privadas de libertad, la primera [&hellip;]<\/p>\n","protected":false},"author":5,"featured_media":2119,"comment_status":"closed","ping_status":"closed","sticky":false,"template":"","format":"standard","meta":{"site-sidebar-layout":"default","site-content-layout":"","ast-site-content-layout":"default","site-content-style":"default","site-sidebar-style":"default","ast-global-header-display":"","ast-banner-title-visibility":"","ast-main-header-display":"","ast-hfb-above-header-display":"","ast-hfb-below-header-display":"","ast-hfb-mobile-header-display":"","site-post-title":"","ast-breadcrumbs-content":"","ast-featured-img":"","footer-sml-layout":"","ast-disable-related-posts":"","theme-transparent-header-meta":"","adv-header-id-meta":"","stick-header-meta":"","header-above-stick-meta":"","header-main-stick-meta":"","header-below-stick-meta":"","astra-migrate-meta-layouts":"default","ast-page-background-enabled":"default","ast-page-background-meta":{"desktop":{"background-color":"var(--ast-global-color-5)","background-image":"","background-repeat":"repeat","background-position":"center center","background-size":"auto","background-attachment":"scroll","background-type":"","background-media":"","overlay-type":"","overlay-color":"","overlay-opacity":"","overlay-gradient":""},"tablet":{"background-color":"","background-image":"","background-repeat":"repeat","background-position":"center center","background-size":"auto","background-attachment":"scroll","background-type":"","background-media":"","overlay-type":"","overlay-color":"","overlay-opacity":"","overlay-gradient":""},"mobile":{"background-color":"","background-image":"","background-repeat":"repeat","background-position":"center center","background-size":"auto","background-attachment":"scroll","background-type":"","background-media":"","overlay-type":"","overlay-color":"","overlay-opacity":"","overlay-gradient":""}},"ast-content-background-meta":{"desktop":{"background-color":"var(--ast-global-color-4)","background-image":"","background-repeat":"repeat","background-position":"center center","background-size":"auto","background-attachment":"scroll","background-type":"","background-media":"","overlay-type":"","overlay-color":"","overlay-opacity":"","overlay-gradient":""},"tablet":{"background-color":"var(--ast-global-color-4)","background-image":"","background-repeat":"repeat","background-position":"center center","background-size":"auto","background-attachment":"scroll","background-type":"","background-media":"","overlay-type":"","overlay-color":"","overlay-opacity":"","overlay-gradient":""},"mobile":{"background-color":"var(--ast-global-color-4)","background-image":"","background-repeat":"repeat","background-position":"center center","background-size":"auto","background-attachment":"scroll","background-type":"","background-media":"","overlay-type":"","overlay-color":"","overlay-opacity":"","overlay-gradient":""}},"footnotes":""},"categories":[19],"tags":[],"class_list":["post-2123","post","type-post","status-publish","format-standard","has-post-thumbnail","hentry","category-noticias"],"_links":{"self":[{"href":"https:\/\/www.mingob.gob.pa\/integrarte\/wp-json\/wp\/v2\/posts\/2123","targetHints":{"allow":["GET"]}}],"collection":[{"href":"https:\/\/www.mingob.gob.pa\/integrarte\/wp-json\/wp\/v2\/posts"}],"about":[{"href":"https:\/\/www.mingob.gob.pa\/integrarte\/wp-json\/wp\/v2\/types\/post"}],"author":[{"embeddable":true,"href":"https:\/\/www.mingob.gob.pa\/integrarte\/wp-json\/wp\/v2\/users\/5"}],"replies":[{"embeddable":true,"href":"https:\/\/www.mingob.gob.pa\/integrarte\/wp-json\/wp\/v2\/comments?post=2123"}],"version-history":[{"count":0,"href":"https:\/\/www.mingob.gob.pa\/integrarte\/wp-json\/wp\/v2\/posts\/2123\/revisions"}],"wp:featuredmedia":[{"embeddable":true,"href":"https:\/\/www.mingob.gob.pa\/integrarte\/wp-json\/wp\/v2\/media\/2119"}],"wp:attachment":[{"href":"https:\/\/www.mingob.gob.pa\/integrarte\/wp-json\/wp\/v2\/media?parent=2123"}],"wp:term":[{"taxonomy":"category","embeddable":true,"href":"https:\/\/www.mingob.gob.pa\/integrarte\/wp-json\/wp\/v2\/categories?post=2123"},{"taxonomy":"post_tag","embeddable":true,"href":"https:\/\/www.mingob.gob.pa\/integrarte\/wp-json\/wp\/v2\/tags?post=2123"}],"curies":[{"name":"wp","href":"https:\/\/api.w.org\/{rel}","templated":true}]}}