{"id":210,"date":"2017-04-20T16:23:20","date_gmt":"2017-04-20T16:23:20","guid":{"rendered":"http:\/\/www.mingob.gob.pa\/prueba\/?p=210"},"modified":"2017-09-21T10:04:45","modified_gmt":"2017-09-21T15:04:45","slug":"asociacion-diplomatica-de-panama-reconoce-valor-resocializador-de-integrarte","status":"publish","type":"post","link":"https:\/\/www.mingob.gob.pa\/integrarte\/asociacion-diplomatica-de-panama-reconoce-valor-resocializador-de-integrarte\/","title":{"rendered":"Asociaci\u00f3n Diplom\u00e1tica de Panam\u00e1 reconoce valor resocializador de \u201cIntegrArte\u201d"},"content":{"rendered":"<p><a href=\"https:\/\/www.mingob.gob.pa\/prueba\/wp-content\/uploads\/sites\/12\/2017\/05\/WhatsApp-Image-2017-04-19-at-10.51.53-PM.jpeg\"><img fetchpriority=\"high\" decoding=\"async\" class=\"aligncenter size-full wp-image-211\" src=\"https:\/\/www.mingob.gob.pa\/prueba\/wp-content\/uploads\/sites\/12\/2017\/05\/WhatsApp-Image-2017-04-19-at-10.51.53-PM.jpeg\" alt=\"\" width=\"1200\" height=\"800\" srcset=\"https:\/\/www.mingob.gob.pa\/integrarte\/wp-content\/uploads\/sites\/12\/2017\/05\/WhatsApp-Image-2017-04-19-at-10.51.53-PM.jpeg 1200w, https:\/\/www.mingob.gob.pa\/integrarte\/wp-content\/uploads\/sites\/12\/2017\/05\/WhatsApp-Image-2017-04-19-at-10.51.53-PM-300x200.jpeg 300w, https:\/\/www.mingob.gob.pa\/integrarte\/wp-content\/uploads\/sites\/12\/2017\/05\/WhatsApp-Image-2017-04-19-at-10.51.53-PM-768x512.jpeg 768w, https:\/\/www.mingob.gob.pa\/integrarte\/wp-content\/uploads\/sites\/12\/2017\/05\/WhatsApp-Image-2017-04-19-at-10.51.53-PM-1030x687.jpeg 1030w, https:\/\/www.mingob.gob.pa\/integrarte\/wp-content\/uploads\/sites\/12\/2017\/05\/WhatsApp-Image-2017-04-19-at-10.51.53-PM-705x470.jpeg 705w, https:\/\/www.mingob.gob.pa\/integrarte\/wp-content\/uploads\/sites\/12\/2017\/05\/WhatsApp-Image-2017-04-19-at-10.51.53-PM-450x300.jpeg 450w\" sizes=\"(max-width: 1200px) 100vw, 1200px\" \/><\/a><\/p>\n<p><strong>Panam\u00e1 <span id=\"OBJ_PREFIX_DWT403_com_zimbra_date\" class=\"Object\"><span id=\"OBJ_PREFIX_DWT405_com_zimbra_date\" class=\"Object\">20 de abril<\/span><\/span> del 2017.-<\/strong> La labor como modelo de integraci\u00f3n y reinserci\u00f3n que realiza la marca \u201cIntegrArte\u201d fue reconocida durante un evento cultural solidario que organiz\u00f3 la Asociaci\u00f3n Diplom\u00e1tica en Panam\u00e1, denominada \u201cel Arte que integra\u201d.<\/p>\n<p>Ana Pessoa E Costa, Presidenta de esta agrupaci\u00f3n, dijo que con este homenaje se le brinda un espaldarazo y visibilidad a varios proyectos de integraci\u00f3n social en Panam\u00e1, especialmente a la marca \u201cIntegrArte\u201d.<\/p>\n<p>Subray\u00f3 que su agrupaci\u00f3n est\u00e1 identificada con IntegrArte y debido a eso una de las primeras acciones de la actual Junta Directiva de la Asociaci\u00f3n Diplom\u00e1tica en Panam\u00e1 fue donar al Sistema Penitenciario una cantidad de telas que se utilizaron en uno de los primeros trabajos de la marca.<\/p>\n<p>Acot\u00f3 que durante esta gala, todas las que participan de la Junta Directiva de Asociaci\u00f3n Diplom\u00e1tica en Panam\u00e1 utilizaron una pieza de vestir o accesorios de la maca IntegrArte.<\/p>\n<p>En el evento la Ministra de Gobierno, <span id=\"OBJ_PREFIX_DWT404_com_zimbra_date\" class=\"Object\"><span id=\"OBJ_PREFIX_DWT406_com_zimbra_date\" class=\"Object\">Mar<\/span><\/span>\u00eda Luisa Romero, expres\u00f3: \u201cnos sentimos muy honrados porque la Asociaci\u00f3n Diplom\u00e1tica en Panam\u00e1 escogi\u00f3 en esta primera edici\u00f3n del \u201cArte que integra\u201d a la marca IntegrArte que su principal objetivo es reincorporar a la sociedad a las personas privadas de libertad\u201d.<\/p>\n<p>Adem\u00e1s de la marca IntegrArte, en el evento cultural solidario se elogi\u00f3 tambi\u00e9n a la Escuelista de Ritmo de la Fundaci\u00f3n Portobelo que es un grupo que a trav\u00e9s del arte y la m\u00fasica promueven la integraci\u00f3n de ni\u00f1os en la provincia de Col\u00f3n, ense\u00f1\u00e1ndoles el uso correcto de los instrumentos y brind\u00e1ndoles una herramienta de cultura que les servir\u00e1 para su futuro.<\/p>\n<p>Igualmente, a la Fundaci\u00f3n \u201cEnlace\u201d que por medio de la danza contempor\u00e1nea, estimula a j\u00f3venes y ni\u00f1os a aprender a bailar diferentes ritmos que adem\u00e1s de mantener ocupados a los j\u00f3venes en actividades did\u00e1cticas, aumentan su bagaje cultural.<\/p>\n<p><span style=\"color: #003366;\"><strong>Publicado por Luis Ruiz\/Fotos: Bryan Brennan Arrieta<\/strong><\/span><\/p>\n<p>&nbsp;<\/p>\n","protected":false},"excerpt":{"rendered":"<p>Panam\u00e1 20 de abril del 2017.- La labor como modelo de integraci\u00f3n y reinserci\u00f3n que realiza la marca \u201cIntegrArte\u201d fue [&hellip;]<\/p>\n","protected":false},"author":5,"featured_media":211,"comment_status":"closed","ping_status":"open","sticky":false,"template":"","format":"standard","meta":{"site-sidebar-layout":"default","site-content-layout":"","ast-site-content-layout":"default","site-content-style":"default","site-sidebar-style":"default","ast-global-header-display":"","ast-banner-title-visibility":"","ast-main-header-display":"","ast-hfb-above-header-display":"","ast-hfb-below-header-display":"","ast-hfb-mobile-header-display":"","site-post-title":"","ast-breadcrumbs-content":"","ast-featured-img":"","footer-sml-layout":"","ast-disable-related-posts":"","theme-transparent-header-meta":"","adv-header-id-meta":"","stick-header-meta":"","header-above-stick-meta":"","header-main-stick-meta":"","header-below-stick-meta":"","astra-migrate-meta-layouts":"default","ast-page-background-enabled":"default","ast-page-background-meta":{"desktop":{"background-color":"var(--ast-global-color-5)","background-image":"","background-repeat":"repeat","background-position":"center center","background-size":"auto","background-attachment":"scroll","background-type":"","background-media":"","overlay-type":"","overlay-color":"","overlay-opacity":"","overlay-gradient":""},"tablet":{"background-color":"","background-image":"","background-repeat":"repeat","background-position":"center center","background-size":"auto","background-attachment":"scroll","background-type":"","background-media":"","overlay-type":"","overlay-color":"","overlay-opacity":"","overlay-gradient":""},"mobile":{"background-color":"","background-image":"","background-repeat":"repeat","background-position":"center center","background-size":"auto","background-attachment":"scroll","background-type":"","background-media":"","overlay-type":"","overlay-color":"","overlay-opacity":"","overlay-gradient":""}},"ast-content-background-meta":{"desktop":{"background-color":"var(--ast-global-color-4)","background-image":"","background-repeat":"repeat","background-position":"center center","background-size":"auto","background-attachment":"scroll","background-type":"","background-media":"","overlay-type":"","overlay-color":"","overlay-opacity":"","overlay-gradient":""},"tablet":{"background-color":"var(--ast-global-color-4)","background-image":"","background-repeat":"repeat","background-position":"center center","background-size":"auto","background-attachment":"scroll","background-type":"","background-media":"","overlay-type":"","overlay-color":"","overlay-opacity":"","overlay-gradient":""},"mobile":{"background-color":"var(--ast-global-color-4)","background-image":"","background-repeat":"repeat","background-position":"center center","background-size":"auto","background-attachment":"scroll","background-type":"","background-media":"","overlay-type":"","overlay-color":"","overlay-opacity":"","overlay-gradient":""}},"footnotes":""},"categories":[19],"tags":[],"class_list":["post-210","post","type-post","status-publish","format-standard","has-post-thumbnail","hentry","category-noticias"],"_links":{"self":[{"href":"https:\/\/www.mingob.gob.pa\/integrarte\/wp-json\/wp\/v2\/posts\/210","targetHints":{"allow":["GET"]}}],"collection":[{"href":"https:\/\/www.mingob.gob.pa\/integrarte\/wp-json\/wp\/v2\/posts"}],"about":[{"href":"https:\/\/www.mingob.gob.pa\/integrarte\/wp-json\/wp\/v2\/types\/post"}],"author":[{"embeddable":true,"href":"https:\/\/www.mingob.gob.pa\/integrarte\/wp-json\/wp\/v2\/users\/5"}],"replies":[{"embeddable":true,"href":"https:\/\/www.mingob.gob.pa\/integrarte\/wp-json\/wp\/v2\/comments?post=210"}],"version-history":[{"count":0,"href":"https:\/\/www.mingob.gob.pa\/integrarte\/wp-json\/wp\/v2\/posts\/210\/revisions"}],"wp:featuredmedia":[{"embeddable":true,"href":"https:\/\/www.mingob.gob.pa\/integrarte\/wp-json\/wp\/v2\/media\/211"}],"wp:attachment":[{"href":"https:\/\/www.mingob.gob.pa\/integrarte\/wp-json\/wp\/v2\/media?parent=210"}],"wp:term":[{"taxonomy":"category","embeddable":true,"href":"https:\/\/www.mingob.gob.pa\/integrarte\/wp-json\/wp\/v2\/categories?post=210"},{"taxonomy":"post_tag","embeddable":true,"href":"https:\/\/www.mingob.gob.pa\/integrarte\/wp-json\/wp\/v2\/tags?post=210"}],"curies":[{"name":"wp","href":"https:\/\/api.w.org\/{rel}","templated":true}]}}