{"id":2023,"date":"2018-04-24T09:23:58","date_gmt":"2018-04-24T14:23:58","guid":{"rendered":"http:\/\/www.mingob.gob.pa\/integrarte\/?p=2023"},"modified":"2020-05-28T14:25:59","modified_gmt":"2020-05-28T19:25:59","slug":"integrarte-se-toma-pasarela-de-eco-week","status":"publish","type":"post","link":"https:\/\/www.mingob.gob.pa\/integrarte\/integrarte-se-toma-pasarela-de-eco-week\/","title":{"rendered":"IntegrArte se toma pasarela de Eco Week"},"content":{"rendered":"<p class=\"x_MsoNoSpacing\" style=\"text-align: justify\"><b><img fetchpriority=\"high\" decoding=\"async\" class=\"size-full wp-image-2018 aligncenter\" src=\"https:\/\/www.mingob.gob.pa\/integrarte\/wp-content\/uploads\/sites\/12\/2018\/04\/21-04-18-Eco-Week-IntegrArte-179.jpg\" alt=\"\" width=\"1024\" height=\"683\" srcset=\"https:\/\/www.mingob.gob.pa\/integrarte\/wp-content\/uploads\/sites\/12\/2018\/04\/21-04-18-Eco-Week-IntegrArte-179.jpg 1024w, https:\/\/www.mingob.gob.pa\/integrarte\/wp-content\/uploads\/sites\/12\/2018\/04\/21-04-18-Eco-Week-IntegrArte-179-300x200.jpg 300w, https:\/\/www.mingob.gob.pa\/integrarte\/wp-content\/uploads\/sites\/12\/2018\/04\/21-04-18-Eco-Week-IntegrArte-179-768x512.jpg 768w, https:\/\/www.mingob.gob.pa\/integrarte\/wp-content\/uploads\/sites\/12\/2018\/04\/21-04-18-Eco-Week-IntegrArte-179-705x470.jpg 705w, https:\/\/www.mingob.gob.pa\/integrarte\/wp-content\/uploads\/sites\/12\/2018\/04\/21-04-18-Eco-Week-IntegrArte-179-600x400.jpg 600w\" sizes=\"(max-width: 1024px) 100vw, 1024px\" \/>Panam\u00e1, 24 de abril de 2018.<\/b>\u00a0\u2013\u00a0El donaire de los dise\u00f1os de la marca penitenciaria IntegrArte se expuso en la pasarela de Eco Week Moda, Arte y Cultura 2018, evento que se realiz\u00f3 en el pasillo del Koala, en Albrook Mall.<\/p>\n<p class=\"x_MsoNoSpacing\" style=\"text-align: justify\">La colecci\u00f3n de Integrarte sobrepas\u00f3 las expectativas, demostrando el talento que existe en el taller de libertad del Centro Femenino de Rehabilitaci\u00f3n &#8216;Cecilia Orilla de Chiari&#8217; (CEFERE).<\/p>\n<p class=\"x_MsoNoSpacing\" style=\"text-align: justify\">El dise\u00f1ador Jaime Luna, organizador de Eco Week, indic\u00f3 que \u00abcomo sociedad civil debemos darle el apoyo a todos los centros penitenciarios, en especial al CEFERE, que tienen este s\u00faper programa IntegrArte, que a pesar que las mujeres privadas de libertad est\u00e1n pagando por un error cometido, hay una responsabilidad para que se reincorporen al diario vivir\u00bb.<\/p>\n<p class=\"x_MsoNoSpacing\" style=\"text-align: justify\">A\u00f1adi\u00f3 que ya visit\u00f3 el taller del CEFERE, destacando que la colecci\u00f3n tiene \u00abgran costura\u00bb, y resalta el \u00abtalento\u00bb entre las reclusas, por lo cual dar\u00e1 su aporte, pr\u00f3ximamente para instruir a las mujeres privadas de libertad en dibujo y dise\u00f1o.<\/p>\n<p class=\"x_MsoNoSpacing\" style=\"text-align: justify\">Armando Medina, Director General del Sistema Penitenciario,\u00a0\u00a0agradeci\u00f3 a Eco Week por ser vitrina para exponer la colecci\u00f3n IntegrArte a la poblaci\u00f3n paname\u00f1a y de esta forma mostrar la capacidad que tienen las mujeres privadas de libertad, demostrando que una segunda oportunidad es posible para una reinserci\u00f3n sociolaboral.<\/p>\n<p class=\"x_MsoNoSpacing\" style=\"text-align: justify\">Agreg\u00f3 que Integrarte tambi\u00e9n est\u00e1 presente en cinco centros penitenciarios, siendo estos La Joya, Nueva Joya, Tinajitas y Penonom\u00e9.<\/p>\n<p class=\"x_MsoNoSpacing\" style=\"text-align: justify\">Adem\u00e1s de la colecci\u00f3n, tambi\u00e9n expuso en un stand el trabajo de artesan\u00edas, pintura, molas, etc., as\u00ed como la entrega de plantas ornamentales del programa de resocializaci\u00f3n Sembrando Paz-Reforestando Vidas, del Centro Penitenciario La Joyita, a los visitantes de Eco Week.<\/p>\n<p class=\"x_MsoNoSpacing\" style=\"text-align: justify\"><strong>Publicado por: Direcci\u00f3n General del Sistema Penitenciario\u00a0<\/strong><\/p>\n<p>[av_gallery ids=&#8217;2022,2021,2020,2019,2018,2017,2016,2015&#8242; style=&#8217;thumbnails&#8217; preview_size=&#8217;portfolio&#8217; crop_big_preview_thumbnail=&#8217;avia-gallery-big-crop-thumb&#8217; thumb_size=&#8217;portfolio&#8217; columns=&#8217;4&#8242; imagelink=&#8217;lightbox&#8217; lazyload=&#8217;avia_lazyload&#8217; av_uid=&#8217;av-1xz4af&#8217;]<\/p>\n","protected":false},"excerpt":{"rendered":"<p>Panam\u00e1, 24 de abril de 2018.\u00a0\u2013\u00a0El donaire de los dise\u00f1os de la marca penitenciaria IntegrArte se expuso en la pasarela [&hellip;]<\/p>\n","protected":false},"author":5,"featured_media":2015,"comment_status":"closed","ping_status":"closed","sticky":false,"template":"","format":"standard","meta":{"site-sidebar-layout":"default","site-content-layout":"","ast-site-content-layout":"default","site-content-style":"default","site-sidebar-style":"default","ast-global-header-display":"","ast-banner-title-visibility":"","ast-main-header-display":"","ast-hfb-above-header-display":"","ast-hfb-below-header-display":"","ast-hfb-mobile-header-display":"","site-post-title":"","ast-breadcrumbs-content":"","ast-featured-img":"","footer-sml-layout":"","ast-disable-related-posts":"","theme-transparent-header-meta":"","adv-header-id-meta":"","stick-header-meta":"","header-above-stick-meta":"","header-main-stick-meta":"","header-below-stick-meta":"","astra-migrate-meta-layouts":"default","ast-page-background-enabled":"default","ast-page-background-meta":{"desktop":{"background-color":"var(--ast-global-color-5)","background-image":"","background-repeat":"repeat","background-position":"center center","background-size":"auto","background-attachment":"scroll","background-type":"","background-media":"","overlay-type":"","overlay-color":"","overlay-opacity":"","overlay-gradient":""},"tablet":{"background-color":"","background-image":"","background-repeat":"repeat","background-position":"center center","background-size":"auto","background-attachment":"scroll","background-type":"","background-media":"","overlay-type":"","overlay-color":"","overlay-opacity":"","overlay-gradient":""},"mobile":{"background-color":"","background-image":"","background-repeat":"repeat","background-position":"center center","background-size":"auto","background-attachment":"scroll","background-type":"","background-media":"","overlay-type":"","overlay-color":"","overlay-opacity":"","overlay-gradient":""}},"ast-content-background-meta":{"desktop":{"background-color":"var(--ast-global-color-4)","background-image":"","background-repeat":"repeat","background-position":"center center","background-size":"auto","background-attachment":"scroll","background-type":"","background-media":"","overlay-type":"","overlay-color":"","overlay-opacity":"","overlay-gradient":""},"tablet":{"background-color":"var(--ast-global-color-4)","background-image":"","background-repeat":"repeat","background-position":"center center","background-size":"auto","background-attachment":"scroll","background-type":"","background-media":"","overlay-type":"","overlay-color":"","overlay-opacity":"","overlay-gradient":""},"mobile":{"background-color":"var(--ast-global-color-4)","background-image":"","background-repeat":"repeat","background-position":"center center","background-size":"auto","background-attachment":"scroll","background-type":"","background-media":"","overlay-type":"","overlay-color":"","overlay-opacity":"","overlay-gradient":""}},"footnotes":""},"categories":[19],"tags":[],"class_list":["post-2023","post","type-post","status-publish","format-standard","has-post-thumbnail","hentry","category-noticias"],"_links":{"self":[{"href":"https:\/\/www.mingob.gob.pa\/integrarte\/wp-json\/wp\/v2\/posts\/2023","targetHints":{"allow":["GET"]}}],"collection":[{"href":"https:\/\/www.mingob.gob.pa\/integrarte\/wp-json\/wp\/v2\/posts"}],"about":[{"href":"https:\/\/www.mingob.gob.pa\/integrarte\/wp-json\/wp\/v2\/types\/post"}],"author":[{"embeddable":true,"href":"https:\/\/www.mingob.gob.pa\/integrarte\/wp-json\/wp\/v2\/users\/5"}],"replies":[{"embeddable":true,"href":"https:\/\/www.mingob.gob.pa\/integrarte\/wp-json\/wp\/v2\/comments?post=2023"}],"version-history":[{"count":0,"href":"https:\/\/www.mingob.gob.pa\/integrarte\/wp-json\/wp\/v2\/posts\/2023\/revisions"}],"wp:featuredmedia":[{"embeddable":true,"href":"https:\/\/www.mingob.gob.pa\/integrarte\/wp-json\/wp\/v2\/media\/2015"}],"wp:attachment":[{"href":"https:\/\/www.mingob.gob.pa\/integrarte\/wp-json\/wp\/v2\/media?parent=2023"}],"wp:term":[{"taxonomy":"category","embeddable":true,"href":"https:\/\/www.mingob.gob.pa\/integrarte\/wp-json\/wp\/v2\/categories?post=2023"},{"taxonomy":"post_tag","embeddable":true,"href":"https:\/\/www.mingob.gob.pa\/integrarte\/wp-json\/wp\/v2\/tags?post=2023"}],"curies":[{"name":"wp","href":"https:\/\/api.w.org\/{rel}","templated":true}]}}