{"id":1997,"date":"2018-04-11T15:08:00","date_gmt":"2018-04-11T20:08:00","guid":{"rendered":"http:\/\/www.mingob.gob.pa\/integrarte\/?p=1997"},"modified":"2020-05-28T14:25:59","modified_gmt":"2020-05-28T19:25:59","slug":"sederia-dallas-y-panama-en-positivo-donan-insumos-y-materiales-a-la-dgsp","status":"publish","type":"post","link":"https:\/\/www.mingob.gob.pa\/integrarte\/sederia-dallas-y-panama-en-positivo-donan-insumos-y-materiales-a-la-dgsp\/","title":{"rendered":"Seder\u00eda Dallas y Panam\u00e1 En Positivo donan insumos y materiales a la DGSP"},"content":{"rendered":"<p class=\"x_MsoNormal\" style=\"text-align: justify\"><b><img fetchpriority=\"high\" decoding=\"async\" class=\"size-full wp-image-1998 aligncenter\" src=\"https:\/\/www.mingob.gob.pa\/integrarte\/wp-content\/uploads\/sites\/12\/2018\/04\/IMG_1221.jpg\" alt=\"\" width=\"1200\" height=\"800\" srcset=\"https:\/\/www.mingob.gob.pa\/integrarte\/wp-content\/uploads\/sites\/12\/2018\/04\/IMG_1221.jpg 1200w, https:\/\/www.mingob.gob.pa\/integrarte\/wp-content\/uploads\/sites\/12\/2018\/04\/IMG_1221-300x200.jpg 300w, https:\/\/www.mingob.gob.pa\/integrarte\/wp-content\/uploads\/sites\/12\/2018\/04\/IMG_1221-768x512.jpg 768w, https:\/\/www.mingob.gob.pa\/integrarte\/wp-content\/uploads\/sites\/12\/2018\/04\/IMG_1221-1030x687.jpg 1030w, https:\/\/www.mingob.gob.pa\/integrarte\/wp-content\/uploads\/sites\/12\/2018\/04\/IMG_1221-705x470.jpg 705w, https:\/\/www.mingob.gob.pa\/integrarte\/wp-content\/uploads\/sites\/12\/2018\/04\/IMG_1221-600x400.jpg 600w\" sizes=\"(max-width: 1200px) 100vw, 1200px\" \/>Panam\u00e1, 11 de abril de 2018.<\/b>\u00a0\u2013\u00a0La Direcci\u00f3n General del Sistema Penitenciario (DGSP), recibi\u00f3 de la Seder\u00eda Dallas, gracias a la coordinaci\u00f3n de la Fundaci\u00f3n Panam\u00e1 en Positivo, la donaci\u00f3n de B\/ 9,375.14 en materiales e insumos que ser\u00e1n distribuidos por el Departamento de Planificaci\u00f3n y Proyectos en los talleres de la marca penitenciaria IntegrArte.<\/p>\n<p class=\"x_MsoNormal\" style=\"text-align: justify\">Se trata de encajes, pinturas para tela, hilo omega, cer\u00e1mica, sesgo, hilo de madera de colores, plancha de foam, tambor de madera, cinta de sat\u00edn, flecos, millar, lana, perlas, tul y bisuter\u00edas, que fueron entregados por Marisol Guizado Morales,\u00a0\u00a0de Panam\u00e1 en Positivo a la Directora de Planificaci\u00f3n y Proyectos, Alma De Le\u00f3n.<\/p>\n<p class=\"x_MsoNormal\" style=\"text-align: justify\">Katherine Ulloa, Secretar\u00eda General de la DGSP, agradeci\u00f3 a la fundaci\u00f3n y la empresa por la donaci\u00f3n, al indicar que es importante para que las personas privadas de libertad realicen sus trabajos en los talleres y puedan resocializarse.<\/p>\n<p class=\"x_MsoNormal\" style=\"text-align: justify\">Cibeles De Freitas, miembro de Panam\u00e1 en Positivo, se\u00f1al\u00f3 que es un momento especial para la fundaci\u00f3n, porque es la primera donaci\u00f3n que se le hace al Sistema Penitenciario. \u201cGracias por creer en nosotros, gracias a la Seder\u00eda Dalla, la fundaci\u00f3n continuar\u00e1 apoyando\u201d, destac\u00f3.<\/p>\n<p class=\"x_MsoNormal\" style=\"text-align: justify\">Por parte de Seder\u00eda Dallas, estuvo presente Taimara L\u00f3pez, afirm\u00f3 que en la empresa \u201ccreemos en el capital humano y el proyecto Integrarte nos llama la atenci\u00f3n, porque trabajan con las personas privadas de libertad, creemos en la resocializaci\u00f3n, por eso ayudamos a que exploten el talento que tienen\u201d.<\/p>\n<p class=\"x_MsoNormal\" style=\"text-align: justify\"><b>Publicado por: Direcci\u00f3n\u00a0General del Sistema Penitenciario\u00a0<\/b><\/p>\n<p>[av_gallery ids=&#8217;1998,1996&#8242; style=&#8217;thumbnails&#8217; preview_size=&#8217;portfolio&#8217; crop_big_preview_thumbnail=&#8217;avia-gallery-big-crop-thumb&#8217; thumb_size=&#8217;portfolio&#8217; columns=&#8217;2&#8242; imagelink=&#8217;lightbox&#8217; lazyload=&#8217;avia_lazyload&#8217; av_uid=&#8217;av-1xxejh&#8217;]<\/p>\n","protected":false},"excerpt":{"rendered":"<p>Panam\u00e1, 11 de abril de 2018.\u00a0\u2013\u00a0La Direcci\u00f3n General del Sistema Penitenciario (DGSP), recibi\u00f3 de la Seder\u00eda Dallas, gracias a la [&hellip;]<\/p>\n","protected":false},"author":5,"featured_media":1996,"comment_status":"closed","ping_status":"closed","sticky":false,"template":"","format":"standard","meta":{"site-sidebar-layout":"default","site-content-layout":"","ast-site-content-layout":"default","site-content-style":"default","site-sidebar-style":"default","ast-global-header-display":"","ast-banner-title-visibility":"","ast-main-header-display":"","ast-hfb-above-header-display":"","ast-hfb-below-header-display":"","ast-hfb-mobile-header-display":"","site-post-title":"","ast-breadcrumbs-content":"","ast-featured-img":"","footer-sml-layout":"","ast-disable-related-posts":"","theme-transparent-header-meta":"","adv-header-id-meta":"","stick-header-meta":"","header-above-stick-meta":"","header-main-stick-meta":"","header-below-stick-meta":"","astra-migrate-meta-layouts":"default","ast-page-background-enabled":"default","ast-page-background-meta":{"desktop":{"background-color":"var(--ast-global-color-5)","background-image":"","background-repeat":"repeat","background-position":"center center","background-size":"auto","background-attachment":"scroll","background-type":"","background-media":"","overlay-type":"","overlay-color":"","overlay-opacity":"","overlay-gradient":""},"tablet":{"background-color":"","background-image":"","background-repeat":"repeat","background-position":"center center","background-size":"auto","background-attachment":"scroll","background-type":"","background-media":"","overlay-type":"","overlay-color":"","overlay-opacity":"","overlay-gradient":""},"mobile":{"background-color":"","background-image":"","background-repeat":"repeat","background-position":"center center","background-size":"auto","background-attachment":"scroll","background-type":"","background-media":"","overlay-type":"","overlay-color":"","overlay-opacity":"","overlay-gradient":""}},"ast-content-background-meta":{"desktop":{"background-color":"var(--ast-global-color-4)","background-image":"","background-repeat":"repeat","background-position":"center center","background-size":"auto","background-attachment":"scroll","background-type":"","background-media":"","overlay-type":"","overlay-color":"","overlay-opacity":"","overlay-gradient":""},"tablet":{"background-color":"var(--ast-global-color-4)","background-image":"","background-repeat":"repeat","background-position":"center center","background-size":"auto","background-attachment":"scroll","background-type":"","background-media":"","overlay-type":"","overlay-color":"","overlay-opacity":"","overlay-gradient":""},"mobile":{"background-color":"var(--ast-global-color-4)","background-image":"","background-repeat":"repeat","background-position":"center center","background-size":"auto","background-attachment":"scroll","background-type":"","background-media":"","overlay-type":"","overlay-color":"","overlay-opacity":"","overlay-gradient":""}},"footnotes":""},"categories":[19],"tags":[],"class_list":["post-1997","post","type-post","status-publish","format-standard","has-post-thumbnail","hentry","category-noticias"],"_links":{"self":[{"href":"https:\/\/www.mingob.gob.pa\/integrarte\/wp-json\/wp\/v2\/posts\/1997","targetHints":{"allow":["GET"]}}],"collection":[{"href":"https:\/\/www.mingob.gob.pa\/integrarte\/wp-json\/wp\/v2\/posts"}],"about":[{"href":"https:\/\/www.mingob.gob.pa\/integrarte\/wp-json\/wp\/v2\/types\/post"}],"author":[{"embeddable":true,"href":"https:\/\/www.mingob.gob.pa\/integrarte\/wp-json\/wp\/v2\/users\/5"}],"replies":[{"embeddable":true,"href":"https:\/\/www.mingob.gob.pa\/integrarte\/wp-json\/wp\/v2\/comments?post=1997"}],"version-history":[{"count":0,"href":"https:\/\/www.mingob.gob.pa\/integrarte\/wp-json\/wp\/v2\/posts\/1997\/revisions"}],"wp:featuredmedia":[{"embeddable":true,"href":"https:\/\/www.mingob.gob.pa\/integrarte\/wp-json\/wp\/v2\/media\/1996"}],"wp:attachment":[{"href":"https:\/\/www.mingob.gob.pa\/integrarte\/wp-json\/wp\/v2\/media?parent=1997"}],"wp:term":[{"taxonomy":"category","embeddable":true,"href":"https:\/\/www.mingob.gob.pa\/integrarte\/wp-json\/wp\/v2\/categories?post=1997"},{"taxonomy":"post_tag","embeddable":true,"href":"https:\/\/www.mingob.gob.pa\/integrarte\/wp-json\/wp\/v2\/tags?post=1997"}],"curies":[{"name":"wp","href":"https:\/\/api.w.org\/{rel}","templated":true}]}}