{"id":1962,"date":"2018-03-16T15:35:02","date_gmt":"2018-03-16T20:35:02","guid":{"rendered":"http:\/\/www.mingob.gob.pa\/integrarte\/?p=1962"},"modified":"2020-05-28T14:26:00","modified_gmt":"2020-05-28T19:26:00","slug":"mingob-inaugura-su-stand-en-la-feria-de-david","status":"publish","type":"post","link":"https:\/\/www.mingob.gob.pa\/integrarte\/mingob-inaugura-su-stand-en-la-feria-de-david\/","title":{"rendered":"MinGob inaugura su stand en la Feria de David"},"content":{"rendered":"<p><strong><img fetchpriority=\"high\" decoding=\"async\" class=\"size-full wp-image-1959 aligncenter\" src=\"https:\/\/www.mingob.gob.pa\/integrarte\/wp-content\/uploads\/sites\/12\/2018\/03\/WhatsApp-Image-2018-03-16-at-12.31.58-PM-1030x687.jpeg\" alt=\"\" width=\"1030\" height=\"687\" srcset=\"https:\/\/www.mingob.gob.pa\/integrarte\/wp-content\/uploads\/sites\/12\/2018\/03\/WhatsApp-Image-2018-03-16-at-12.31.58-PM-1030x687.jpeg 1030w, https:\/\/www.mingob.gob.pa\/integrarte\/wp-content\/uploads\/sites\/12\/2018\/03\/WhatsApp-Image-2018-03-16-at-12.31.58-PM-1030x687-300x200.jpeg 300w, https:\/\/www.mingob.gob.pa\/integrarte\/wp-content\/uploads\/sites\/12\/2018\/03\/WhatsApp-Image-2018-03-16-at-12.31.58-PM-1030x687-768x512.jpeg 768w, https:\/\/www.mingob.gob.pa\/integrarte\/wp-content\/uploads\/sites\/12\/2018\/03\/WhatsApp-Image-2018-03-16-at-12.31.58-PM-1030x687-705x470.jpeg 705w, https:\/\/www.mingob.gob.pa\/integrarte\/wp-content\/uploads\/sites\/12\/2018\/03\/WhatsApp-Image-2018-03-16-at-12.31.58-PM-1030x687-600x400.jpeg 600w\" sizes=\"(max-width: 1030px) 100vw, 1030px\" \/>Panam\u00e1 16 de marzo de 2018.<\/strong>\u00a0El gobernador de la Provincia de Chiriqu\u00ed, Hugo M\u00e9ndez y el director del Sistema Penitenciario, Armando Medina inauguraron este jueves el stand del Ministerio de Gobierno (MinGob) en la versi\u00f3n 63 de la Feria Internacional de David.<\/p>\n<p>Ambas autoridades del MinGob participaron del acto de inauguraci\u00f3n de la Feria, donde el Presidente de la Rep\u00fablica, Juan Carlos Varela Rodr\u00edguez explic\u00f3 los diversos proyectos que lleva adelante el Gobierno Nacional en la provincia.<\/p>\n<p>Quienes visiten el stand del MinGob podr\u00e1n adquirir los productos de la primera marca penitenciaria \u201cIntegrArte\u201d, confeccionados por privados y privadas de libertad y que por segundo a\u00f1o consecutivo se exhiben en la Feria de David.<\/p>\n<p>Adicionalmente conocer\u00e1n los diversos programas y proyectos que lleva a cabo el MinGob como: el Centro Regional Log\u00edstico de Asistencia Humanitaria (CRLAH), la Justicia Comunitaria de Paz, las Retretas de Anta\u00f1o realizadas por la Banda Republicana, el proceso de confecci\u00f3n de los productos de la marca penitenciara \u201cIntegrarte\u201d.<\/p>\n<p>El gobernador de la provincia, Hugo M\u00e9ndez dijo que cada una de estas piezas confeccionadas por los privados de libertad y expuestas al p\u00fablico motivan a las autoridades a fortalecer y mejorar todos los cursos que se dictan en los centros penitenciarios a nivel nacional.<\/p>\n<p>Mientras que el director del Sistema Penitenciario, Armando Medina enfatiz\u00f3 que es de suma importancia que los productos de la marca penitenciaria \u201cIntegrArte\u201d esten presentes en el stand del MinGob y se exhiban en la Feria de David, para dar a conocer la labor de las personas privadas de libertad en pro del desarrollo de los programas de resocializaci\u00f3n socio-laboral.<\/p>\n<p>En la inauguraci\u00f3n del stand del MinGob tambi\u00e9n participaron la directora del Centro Femenino de Rehabilitaci\u00f3n Los Algarrobos, Yaribeth Miranda y el director provincial del Sistema Nacional de Protecci\u00f3n Civil (Sinaproc), Francisco Santamar\u00eda.<\/p>\n<p>Tanto el Gobernador como el director del Sistema Penitenciario tambi\u00e9n inauguraron los stands de Sinaproc, la Oficina de Seguridad Integral (Osegui) y la Secretar\u00eda Nacional de Descentralizaci\u00f3n (SND).<\/p>\n<p><strong>Publicado por: Katherine Palacio\/Fotos: Sergio Pinz\u00f3n<\/strong><\/p>\n<p>[av_gallery ids=&#8217;1961,1960,1959,1958,1957,1956,1955,1954,1953,1952,1951,1950,1949,1948,1947&#8242; style=&#8217;thumbnails&#8217; preview_size=&#8217;portfolio&#8217; crop_big_preview_thumbnail=&#8217;avia-gallery-big-crop-thumb&#8217; thumb_size=&#8217;portfolio&#8217; columns=&#8217;5&#8242; imagelink=&#8217;lightbox&#8217; lazyload=&#8217;avia_lazyload&#8217; av_uid=&#8217;av-28dzm2&#8242;]<\/p>\n","protected":false},"excerpt":{"rendered":"<p>Panam\u00e1 16 de marzo de 2018.\u00a0El gobernador de la Provincia de Chiriqu\u00ed, Hugo M\u00e9ndez y el director del Sistema Penitenciario, [&hellip;]<\/p>\n","protected":false},"author":5,"featured_media":1950,"comment_status":"closed","ping_status":"closed","sticky":false,"template":"","format":"standard","meta":{"site-sidebar-layout":"default","site-content-layout":"","ast-site-content-layout":"default","site-content-style":"default","site-sidebar-style":"default","ast-global-header-display":"","ast-banner-title-visibility":"","ast-main-header-display":"","ast-hfb-above-header-display":"","ast-hfb-below-header-display":"","ast-hfb-mobile-header-display":"","site-post-title":"","ast-breadcrumbs-content":"","ast-featured-img":"","footer-sml-layout":"","ast-disable-related-posts":"","theme-transparent-header-meta":"","adv-header-id-meta":"","stick-header-meta":"","header-above-stick-meta":"","header-main-stick-meta":"","header-below-stick-meta":"","astra-migrate-meta-layouts":"default","ast-page-background-enabled":"default","ast-page-background-meta":{"desktop":{"background-color":"var(--ast-global-color-5)","background-image":"","background-repeat":"repeat","background-position":"center center","background-size":"auto","background-attachment":"scroll","background-type":"","background-media":"","overlay-type":"","overlay-color":"","overlay-opacity":"","overlay-gradient":""},"tablet":{"background-color":"","background-image":"","background-repeat":"repeat","background-position":"center center","background-size":"auto","background-attachment":"scroll","background-type":"","background-media":"","overlay-type":"","overlay-color":"","overlay-opacity":"","overlay-gradient":""},"mobile":{"background-color":"","background-image":"","background-repeat":"repeat","background-position":"center center","background-size":"auto","background-attachment":"scroll","background-type":"","background-media":"","overlay-type":"","overlay-color":"","overlay-opacity":"","overlay-gradient":""}},"ast-content-background-meta":{"desktop":{"background-color":"var(--ast-global-color-4)","background-image":"","background-repeat":"repeat","background-position":"center center","background-size":"auto","background-attachment":"scroll","background-type":"","background-media":"","overlay-type":"","overlay-color":"","overlay-opacity":"","overlay-gradient":""},"tablet":{"background-color":"var(--ast-global-color-4)","background-image":"","background-repeat":"repeat","background-position":"center center","background-size":"auto","background-attachment":"scroll","background-type":"","background-media":"","overlay-type":"","overlay-color":"","overlay-opacity":"","overlay-gradient":""},"mobile":{"background-color":"var(--ast-global-color-4)","background-image":"","background-repeat":"repeat","background-position":"center center","background-size":"auto","background-attachment":"scroll","background-type":"","background-media":"","overlay-type":"","overlay-color":"","overlay-opacity":"","overlay-gradient":""}},"footnotes":""},"categories":[19],"tags":[],"class_list":["post-1962","post","type-post","status-publish","format-standard","has-post-thumbnail","hentry","category-noticias"],"_links":{"self":[{"href":"https:\/\/www.mingob.gob.pa\/integrarte\/wp-json\/wp\/v2\/posts\/1962","targetHints":{"allow":["GET"]}}],"collection":[{"href":"https:\/\/www.mingob.gob.pa\/integrarte\/wp-json\/wp\/v2\/posts"}],"about":[{"href":"https:\/\/www.mingob.gob.pa\/integrarte\/wp-json\/wp\/v2\/types\/post"}],"author":[{"embeddable":true,"href":"https:\/\/www.mingob.gob.pa\/integrarte\/wp-json\/wp\/v2\/users\/5"}],"replies":[{"embeddable":true,"href":"https:\/\/www.mingob.gob.pa\/integrarte\/wp-json\/wp\/v2\/comments?post=1962"}],"version-history":[{"count":0,"href":"https:\/\/www.mingob.gob.pa\/integrarte\/wp-json\/wp\/v2\/posts\/1962\/revisions"}],"wp:featuredmedia":[{"embeddable":true,"href":"https:\/\/www.mingob.gob.pa\/integrarte\/wp-json\/wp\/v2\/media\/1950"}],"wp:attachment":[{"href":"https:\/\/www.mingob.gob.pa\/integrarte\/wp-json\/wp\/v2\/media?parent=1962"}],"wp:term":[{"taxonomy":"category","embeddable":true,"href":"https:\/\/www.mingob.gob.pa\/integrarte\/wp-json\/wp\/v2\/categories?post=1962"},{"taxonomy":"post_tag","embeddable":true,"href":"https:\/\/www.mingob.gob.pa\/integrarte\/wp-json\/wp\/v2\/tags?post=1962"}],"curies":[{"name":"wp","href":"https:\/\/api.w.org\/{rel}","templated":true}]}}