{"id":1923,"date":"2018-01-24T10:10:25","date_gmt":"2018-01-24T15:10:25","guid":{"rendered":"http:\/\/www.mingob.gob.pa\/integrarte\/?p=1923"},"modified":"2020-05-28T14:26:00","modified_gmt":"2020-05-28T19:26:00","slug":"inauguran-stand-de-la-marca-penitenciaria-integrarte-en-la-feria-de-la-chorrera","status":"publish","type":"post","link":"https:\/\/www.mingob.gob.pa\/integrarte\/inauguran-stand-de-la-marca-penitenciaria-integrarte-en-la-feria-de-la-chorrera\/","title":{"rendered":"Inauguran stand de la marca penitenciaria Integrarte en la Feria de La Chorrera"},"content":{"rendered":"<p style=\"text-align: justify\"><strong><img fetchpriority=\"high\" decoding=\"async\" class=\"size-full wp-image-1915 aligncenter\" src=\"https:\/\/www.mingob.gob.pa\/integrarte\/wp-content\/uploads\/sites\/12\/2018\/02\/IMG_8037.jpg\" alt=\"\" width=\"730\" height=\"480\" srcset=\"https:\/\/www.mingob.gob.pa\/integrarte\/wp-content\/uploads\/sites\/12\/2018\/02\/IMG_8037.jpg 730w, https:\/\/www.mingob.gob.pa\/integrarte\/wp-content\/uploads\/sites\/12\/2018\/02\/IMG_8037-300x197.jpg 300w, https:\/\/www.mingob.gob.pa\/integrarte\/wp-content\/uploads\/sites\/12\/2018\/02\/IMG_8037-705x464.jpg 705w, https:\/\/www.mingob.gob.pa\/integrarte\/wp-content\/uploads\/sites\/12\/2018\/02\/IMG_8037-600x395.jpg 600w\" sizes=\"(max-width: 730px) 100vw, 730px\" \/>Panam\u00e1, 24 de enero de 2018. \u2013<\/strong>\u00a0El Director General del Sistema Penitenciario, Amando Medina Mar\u00edn, \u00a0en compa\u00f1\u00eda del Gobernador de la Provincia de Panam\u00e1 Oeste, Tem\u00edstocles Herrera, inaugur\u00f3 el stand de la primera marca comercial penitenciaria registrada \u00a0de Panam\u00e1, \u2018IntegrArte\u2019, en la Feria Internacional de La Chorrera.<\/p>\n<p style=\"text-align: justify\">Medina indic\u00f3 que es de suma importancia exponer al p\u00fablico los diversos productos que confeccionan las personas privadas de libertad como parte de la labor de resocializaci\u00f3n que impulsa la Direcci\u00f3n General del Sistema Penitenciario (DGSP), para demostrar que s\u00ed se puede lograr una efectiva rehabilitaci\u00f3n.<\/p>\n<p style=\"text-align: justify\">Mientras que el Gobernador de Panam\u00e1 Oeste, manifest\u00f3 que es \u201cexcelente el material que se coloc\u00f3 a la venta, por ello exhortamos a todos los paname\u00f1os (a) que vistan la Feria Internacional de La Chorrera que pasen por el puesto de IntegrArte\u201d.<\/p>\n<p style=\"text-align: justify\">En el stand que est\u00e1 ubicado frente a la tarima principal del evento ferial, en donde se colocaron a la venta: bolsos, cama de teca, pulseras, alcanc\u00edas, collares, casitas decorativas, cofres, miniesculturas, \u00c1guila Arp\u00eda Tallada, sillas cola de gallo, mecedoras, entre otros productos.<\/p>\n<p style=\"text-align: justify\">IntegrArte naci\u00f3 en el marco del Proyecto de Cooperaci\u00f3n en Seguridad con Panam\u00e1 (SECOPA), implementado por la Oficina Regional de las Naciones Unidas contra la Droga y el Delito para Centroam\u00e9rica y el Caribe en Panam\u00e1 (UNODC ROPAN), y financiado por la Uni\u00f3n Europea.<\/p>\n<p style=\"text-align: justify\">El objetivo es brindar nuevas perspectivas de reinserci\u00f3n socio-laboral a las personas privadas de libertad, a trav\u00e9s del desarrollo y comercializaci\u00f3n de productos artesanales de calidad, con valor art\u00edstico y funcional, elaborados dentro de los centros penitenciarios.<\/p>\n<p style=\"text-align: justify\"><strong>Publicador por: Direcci\u00f3n General del Sistema Penitenciario<\/strong><\/p>\n<p>[av_gallery ids=&#8217;1922,1921,1920,1919,1918,1913,1914,1915,1916,1917,1912&#8242; style=&#8217;thumbnails&#8217; preview_size=&#8217;portfolio&#8217; crop_big_preview_thumbnail=&#8217;avia-gallery-big-crop-thumb&#8217; thumb_size=&#8217;portfolio&#8217; columns=&#8217;5&#8242; imagelink=&#8217;lightbox&#8217; lazyload=&#8217;avia_lazyload&#8217; av_uid=&#8217;av-257qxf&#8217;]<\/p>\n","protected":false},"excerpt":{"rendered":"<p>Panam\u00e1, 24 de enero de 2018. \u2013\u00a0El Director General del Sistema Penitenciario, Amando Medina Mar\u00edn, \u00a0en compa\u00f1\u00eda del Gobernador de [&hellip;]<\/p>\n","protected":false},"author":5,"featured_media":1914,"comment_status":"closed","ping_status":"closed","sticky":false,"template":"","format":"standard","meta":{"site-sidebar-layout":"default","site-content-layout":"","ast-site-content-layout":"default","site-content-style":"default","site-sidebar-style":"default","ast-global-header-display":"","ast-banner-title-visibility":"","ast-main-header-display":"","ast-hfb-above-header-display":"","ast-hfb-below-header-display":"","ast-hfb-mobile-header-display":"","site-post-title":"","ast-breadcrumbs-content":"","ast-featured-img":"","footer-sml-layout":"","ast-disable-related-posts":"","theme-transparent-header-meta":"","adv-header-id-meta":"","stick-header-meta":"","header-above-stick-meta":"","header-main-stick-meta":"","header-below-stick-meta":"","astra-migrate-meta-layouts":"default","ast-page-background-enabled":"default","ast-page-background-meta":{"desktop":{"background-color":"var(--ast-global-color-5)","background-image":"","background-repeat":"repeat","background-position":"center center","background-size":"auto","background-attachment":"scroll","background-type":"","background-media":"","overlay-type":"","overlay-color":"","overlay-opacity":"","overlay-gradient":""},"tablet":{"background-color":"","background-image":"","background-repeat":"repeat","background-position":"center center","background-size":"auto","background-attachment":"scroll","background-type":"","background-media":"","overlay-type":"","overlay-color":"","overlay-opacity":"","overlay-gradient":""},"mobile":{"background-color":"","background-image":"","background-repeat":"repeat","background-position":"center center","background-size":"auto","background-attachment":"scroll","background-type":"","background-media":"","overlay-type":"","overlay-color":"","overlay-opacity":"","overlay-gradient":""}},"ast-content-background-meta":{"desktop":{"background-color":"var(--ast-global-color-4)","background-image":"","background-repeat":"repeat","background-position":"center center","background-size":"auto","background-attachment":"scroll","background-type":"","background-media":"","overlay-type":"","overlay-color":"","overlay-opacity":"","overlay-gradient":""},"tablet":{"background-color":"var(--ast-global-color-4)","background-image":"","background-repeat":"repeat","background-position":"center center","background-size":"auto","background-attachment":"scroll","background-type":"","background-media":"","overlay-type":"","overlay-color":"","overlay-opacity":"","overlay-gradient":""},"mobile":{"background-color":"var(--ast-global-color-4)","background-image":"","background-repeat":"repeat","background-position":"center center","background-size":"auto","background-attachment":"scroll","background-type":"","background-media":"","overlay-type":"","overlay-color":"","overlay-opacity":"","overlay-gradient":""}},"footnotes":""},"categories":[19],"tags":[],"class_list":["post-1923","post","type-post","status-publish","format-standard","has-post-thumbnail","hentry","category-noticias"],"_links":{"self":[{"href":"https:\/\/www.mingob.gob.pa\/integrarte\/wp-json\/wp\/v2\/posts\/1923","targetHints":{"allow":["GET"]}}],"collection":[{"href":"https:\/\/www.mingob.gob.pa\/integrarte\/wp-json\/wp\/v2\/posts"}],"about":[{"href":"https:\/\/www.mingob.gob.pa\/integrarte\/wp-json\/wp\/v2\/types\/post"}],"author":[{"embeddable":true,"href":"https:\/\/www.mingob.gob.pa\/integrarte\/wp-json\/wp\/v2\/users\/5"}],"replies":[{"embeddable":true,"href":"https:\/\/www.mingob.gob.pa\/integrarte\/wp-json\/wp\/v2\/comments?post=1923"}],"version-history":[{"count":0,"href":"https:\/\/www.mingob.gob.pa\/integrarte\/wp-json\/wp\/v2\/posts\/1923\/revisions"}],"wp:featuredmedia":[{"embeddable":true,"href":"https:\/\/www.mingob.gob.pa\/integrarte\/wp-json\/wp\/v2\/media\/1914"}],"wp:attachment":[{"href":"https:\/\/www.mingob.gob.pa\/integrarte\/wp-json\/wp\/v2\/media?parent=1923"}],"wp:term":[{"taxonomy":"category","embeddable":true,"href":"https:\/\/www.mingob.gob.pa\/integrarte\/wp-json\/wp\/v2\/categories?post=1923"},{"taxonomy":"post_tag","embeddable":true,"href":"https:\/\/www.mingob.gob.pa\/integrarte\/wp-json\/wp\/v2\/tags?post=1923"}],"curies":[{"name":"wp","href":"https:\/\/api.w.org\/{rel}","templated":true}]}}