{"id":1617,"date":"2017-10-04T14:57:07","date_gmt":"2017-10-04T19:57:07","guid":{"rendered":"http:\/\/www.mingob.gob.pa\/integrarte\/?p=1617"},"modified":"2020-05-28T14:26:00","modified_gmt":"2020-05-28T19:26:00","slug":"puesto-de-venta-de-la-marca-penitenciaria-integrarte-es-inaugurado-en-albrook","status":"publish","type":"post","link":"https:\/\/www.mingob.gob.pa\/integrarte\/puesto-de-venta-de-la-marca-penitenciaria-integrarte-es-inaugurado-en-albrook\/","title":{"rendered":"Puesto de venta de la marca penitenciaria IntegrArte es inaugurado en Albrook"},"content":{"rendered":"<figure id=\"attachment_1622\" aria-describedby=\"caption-attachment-1622\" style=\"width: 1200px\" class=\"wp-caption alignleft\"><img fetchpriority=\"high\" decoding=\"async\" class=\"size-full wp-image-1622\" src=\"https:\/\/www.mingob.gob.pa\/integrarte\/wp-content\/uploads\/sites\/12\/2017\/10\/IMG_0572-copia.jpg\" alt=\"\" width=\"1200\" height=\"800\" srcset=\"https:\/\/www.mingob.gob.pa\/integrarte\/wp-content\/uploads\/sites\/12\/2017\/10\/IMG_0572-copia.jpg 1200w, https:\/\/www.mingob.gob.pa\/integrarte\/wp-content\/uploads\/sites\/12\/2017\/10\/IMG_0572-copia-300x200.jpg 300w, https:\/\/www.mingob.gob.pa\/integrarte\/wp-content\/uploads\/sites\/12\/2017\/10\/IMG_0572-copia-768x512.jpg 768w, https:\/\/www.mingob.gob.pa\/integrarte\/wp-content\/uploads\/sites\/12\/2017\/10\/IMG_0572-copia-1030x687.jpg 1030w, https:\/\/www.mingob.gob.pa\/integrarte\/wp-content\/uploads\/sites\/12\/2017\/10\/IMG_0572-copia-705x470.jpg 705w, https:\/\/www.mingob.gob.pa\/integrarte\/wp-content\/uploads\/sites\/12\/2017\/10\/IMG_0572-copia-450x300.jpg 450w\" sizes=\"(max-width: 1200px) 100vw, 1200px\" \/><figcaption id=\"caption-attachment-1622\" class=\"wp-caption-text\">Primera Marca Penitenciaria de Panam\u00e1, IntegrArte<\/figcaption><\/figure>\n<p style=\"text-align: justify\"><strong>Panam\u00e1 4 de octubre de 2017.-\u00a0\u00a0<\/strong>\u00a0Con mucho entusiasmo y alegr\u00eda, el Ministerio de Gobierno (MinGob), a trav\u00e9s de la Direcci\u00f3n General del\u00a0Sistema Penitenciario (DGSP), inaugur\u00f3 este mi\u00e9rcoles el puesto de venta de la Primera Marca Penitenciaria de Panam\u00e1,\u00a0IntegrArte, en el almac\u00e9n Madison Store de Albrook Mall.<\/p>\n<p style=\"text-align: justify\">La Primera\u00a0Marca Penitenciaria de Panam\u00e1, IntegrArte nace como una nueva visi\u00f3n de rehabilitaci\u00f3n para la reinserci\u00f3n social y laboral de las personas privadas de libertad, mediante la elaboraci\u00f3n\u00a0y comercializaci\u00f3n de productos artesanales de calidad y con valor art\u00edstico, elaborados en los centros penitenciarios del pa\u00eds.<\/p>\n<p style=\"text-align: justify\">Este mes de octubre, IntegrArte cumple un a\u00f1o del lanzamiento oficial de la marca y presenta a la venta\u00a0Tajadas de Madera, elaboradas por artesanos de los centros penitenciarios La Joya, La Nueva Joya y de Penonom\u00e9.<\/p>\n<p style=\"text-align: justify\">Para esta inauguraci\u00f3n se cont\u00f3 con la presencia de la subdirectora del Sistema Penitenciario, Sharon D\u00edaz, quien resalt\u00f3 que este es un gran paso para el Sistema Penitenciario paname\u00f1o. \u201cEs un proyecto que el MinGob ha motivado desde el d\u00eda uno, ahora en alianza con el Grupo Tova S.A., hoy es una realidad\u00a0 tener un puesto de venta\u00bb.<\/p>\n<p style=\"text-align: justify\">D\u00edaz afirm\u00f3 que es una oportunidad para mostrar que de verdad estamos dando pasos importantes en la resocializaci\u00f3n efectiva para la reinserci\u00f3n\u00a0social y \u00a0laboral de las personas privadas de libertad, mostr\u00e1ndole a la sociedad historias que los privados de libertad\u00a0cuentan con su arte.<\/p>\n<p style=\"text-align: justify\">La Subdirectora del Sistema Penitenciario, destac\u00f3 que m\u00e1s all\u00e1 de un producto lo que trata la marca IntegrArte es hacer la diferencia dentro de los centros penitenciarios. Dijo \u201ces un orgullo y una alegr\u00eda\u00a0poder mostrar nuestra marca penitenciaria a la sociedad en general, demostrar que dentro de los centros hay talento que hay gente que quiere hacer la diferencia, gente que se esfuerza por ser diferente\u00bb.<\/p>\n<p style=\"text-align: justify\">Por su parte, el Gerente del almac\u00e9n Madison, Alberto Bezalel, afirm\u00f3 estar muy complacido de apoyar este tipo de iniciativas porque va a traspasar fronteras. \u00abEsto ser\u00e1 de un impacto grand\u00edsimo y nosotros siempre vamos a apoyar causas de esta \u00edndole porque es para bien de la sociedad\u00bb.<\/p>\n<p style=\"text-align: justify\">Agreg\u00f3 \u201cestamos muy orgullosos que nos hayan escogido para mostrar sus productos\u201d.<\/p>\n<p style=\"text-align: justify\">En representaci\u00f3n de los artesanos del centro penitenciario La Joya, el se\u00f1or Luis Alfredo Pimentel, muy emocionado, agradeci\u00f3 por la oportunidad que se le ha dado. Dijo \u201che aprendido muchas cosas y he desarrollado un talento que nunca hab\u00eda descubierto antes, estoy tratando de hacer la diferencia y viendo como generamos m\u00e1s cosas en Integrarte\u201d.<\/p>\n<p style=\"text-align: justify\">Cabe destacar que del producto de las ventas, un porcentaje ser\u00e1 distribuido para el Sistema Penitenciario para insumos y el otro como salario a las personas privadas de libertad que trabajan en los talleres, tal como lo regula la Ley 55 que reorganiza el Sistema Penitenciario.<\/p>\n<p style=\"text-align: justify\">Aproximadamente 101 personas privadas de libertad participan en los Talleres de\u00a0Libertad de IntegrArte.<\/p>\n<p><strong>Publicado por: Mirla Mart\u00ednez\/Fotos: Israel V\u00e1squez<\/strong><\/p>\n<p>[av_gallery ids=&#8217;1626,1625,1624,1623,1622,1621,1620,1619&#8242; style=&#8217;thumbnails&#8217; preview_size=&#8217;portfolio&#8217; crop_big_preview_thumbnail=&#8217;avia-gallery-big-crop-thumb&#8217; thumb_size=&#8217;portfolio&#8217; columns=&#8217;4&#8242; imagelink=&#8217;lightbox&#8217; lazyload=&#8217;avia_lazyload&#8217; av_uid=&#8217;av-2exbkh&#8217;]<\/p>\n","protected":false},"excerpt":{"rendered":"<p>Panam\u00e1 4 de octubre de 2017.-\u00a0\u00a0\u00a0Con mucho entusiasmo y alegr\u00eda, el Ministerio de Gobierno (MinGob), a trav\u00e9s de la Direcci\u00f3n [&hellip;]<\/p>\n","protected":false},"author":5,"featured_media":1624,"comment_status":"closed","ping_status":"closed","sticky":false,"template":"","format":"standard","meta":{"site-sidebar-layout":"default","site-content-layout":"","ast-site-content-layout":"default","site-content-style":"default","site-sidebar-style":"default","ast-global-header-display":"","ast-banner-title-visibility":"","ast-main-header-display":"","ast-hfb-above-header-display":"","ast-hfb-below-header-display":"","ast-hfb-mobile-header-display":"","site-post-title":"","ast-breadcrumbs-content":"","ast-featured-img":"","footer-sml-layout":"","ast-disable-related-posts":"","theme-transparent-header-meta":"","adv-header-id-meta":"","stick-header-meta":"","header-above-stick-meta":"","header-main-stick-meta":"","header-below-stick-meta":"","astra-migrate-meta-layouts":"default","ast-page-background-enabled":"default","ast-page-background-meta":{"desktop":{"background-color":"var(--ast-global-color-5)","background-image":"","background-repeat":"repeat","background-position":"center center","background-size":"auto","background-attachment":"scroll","background-type":"","background-media":"","overlay-type":"","overlay-color":"","overlay-opacity":"","overlay-gradient":""},"tablet":{"background-color":"","background-image":"","background-repeat":"repeat","background-position":"center center","background-size":"auto","background-attachment":"scroll","background-type":"","background-media":"","overlay-type":"","overlay-color":"","overlay-opacity":"","overlay-gradient":""},"mobile":{"background-color":"","background-image":"","background-repeat":"repeat","background-position":"center center","background-size":"auto","background-attachment":"scroll","background-type":"","background-media":"","overlay-type":"","overlay-color":"","overlay-opacity":"","overlay-gradient":""}},"ast-content-background-meta":{"desktop":{"background-color":"var(--ast-global-color-4)","background-image":"","background-repeat":"repeat","background-position":"center center","background-size":"auto","background-attachment":"scroll","background-type":"","background-media":"","overlay-type":"","overlay-color":"","overlay-opacity":"","overlay-gradient":""},"tablet":{"background-color":"var(--ast-global-color-4)","background-image":"","background-repeat":"repeat","background-position":"center center","background-size":"auto","background-attachment":"scroll","background-type":"","background-media":"","overlay-type":"","overlay-color":"","overlay-opacity":"","overlay-gradient":""},"mobile":{"background-color":"var(--ast-global-color-4)","background-image":"","background-repeat":"repeat","background-position":"center center","background-size":"auto","background-attachment":"scroll","background-type":"","background-media":"","overlay-type":"","overlay-color":"","overlay-opacity":"","overlay-gradient":""}},"footnotes":""},"categories":[19],"tags":[],"class_list":["post-1617","post","type-post","status-publish","format-standard","has-post-thumbnail","hentry","category-noticias"],"_links":{"self":[{"href":"https:\/\/www.mingob.gob.pa\/integrarte\/wp-json\/wp\/v2\/posts\/1617","targetHints":{"allow":["GET"]}}],"collection":[{"href":"https:\/\/www.mingob.gob.pa\/integrarte\/wp-json\/wp\/v2\/posts"}],"about":[{"href":"https:\/\/www.mingob.gob.pa\/integrarte\/wp-json\/wp\/v2\/types\/post"}],"author":[{"embeddable":true,"href":"https:\/\/www.mingob.gob.pa\/integrarte\/wp-json\/wp\/v2\/users\/5"}],"replies":[{"embeddable":true,"href":"https:\/\/www.mingob.gob.pa\/integrarte\/wp-json\/wp\/v2\/comments?post=1617"}],"version-history":[{"count":0,"href":"https:\/\/www.mingob.gob.pa\/integrarte\/wp-json\/wp\/v2\/posts\/1617\/revisions"}],"wp:featuredmedia":[{"embeddable":true,"href":"https:\/\/www.mingob.gob.pa\/integrarte\/wp-json\/wp\/v2\/media\/1624"}],"wp:attachment":[{"href":"https:\/\/www.mingob.gob.pa\/integrarte\/wp-json\/wp\/v2\/media?parent=1617"}],"wp:term":[{"taxonomy":"category","embeddable":true,"href":"https:\/\/www.mingob.gob.pa\/integrarte\/wp-json\/wp\/v2\/categories?post=1617"},{"taxonomy":"post_tag","embeddable":true,"href":"https:\/\/www.mingob.gob.pa\/integrarte\/wp-json\/wp\/v2\/tags?post=1617"}],"curies":[{"name":"wp","href":"https:\/\/api.w.org\/{rel}","templated":true}]}}