{"id":1501,"date":"2017-06-14T16:51:32","date_gmt":"2017-06-14T16:51:32","guid":{"rendered":"http:\/\/www.mingob.gob.pa\/integrarte\/?p=1501"},"modified":"2017-09-21T10:04:43","modified_gmt":"2017-09-21T15:04:43","slug":"integrarte-capta-interes-de-lideres-globales-que-asistieron-a-la-edd","status":"publish","type":"post","link":"https:\/\/www.mingob.gob.pa\/integrarte\/integrarte-capta-interes-de-lideres-globales-que-asistieron-a-la-edd\/","title":{"rendered":"\u00abIntegrArte\u00bb capta inter\u00e9s de l\u00edderes globales que asistieron a la EDD"},"content":{"rendered":"<p><strong>B\u00e9lgica, junio 2017.-<\/strong> M\u00e1s de 100 invitados entre l\u00edderes globales, empresarios europeos y del servicio exterior se acercaron con inter\u00e9s al stand de \u00abIntegrArte\u00bb durante la Und\u00e9cima Jornada Europea para el Desarrollo (EDD, por sus siglas en ingl\u00e9s), que se realiz\u00f3 en Bruselas, B\u00e9lgica, del 7 al 8 de junio pasados.<\/p>\n<p>Neven Mimica, Comisionado para la Cooperaci\u00f3n Internacional y el Desarrollo de la Comisi\u00f3n Europea, destac\u00f3 que los pa\u00edses, como Panam\u00e1, que por primera vez participaron en esta actividad forman parte, ahora, de una comunidad que representa a las \u201cmejores y m\u00e1s brillantes mentes del mundo, en el \u00e1rea del desarrollo\u201d durante EDD de este a\u00f1o.<\/p>\n<p>Mimica ponder\u00f3 el esfuerzo que hicieron los participantes en este importante encuentro, en el que empresarios y l\u00edderes globales se reunieron para \u201cescuchar, aprender, inspirarse y ser inspirados\u201d.<\/p>\n<p>Durante la Jornada, Panam\u00e1 mostr\u00f3 un \u201cstand\u201d con 10 productos de la marca penitenciaria \u00abIntegrArte\u00ab, as\u00ed como un maniqu\u00ed de exhibici\u00f3n con una de las creaciones producidas por las personas privadas de libertad en los talleres de los centros penitenciarios.<\/p>\n<p>\u00abQueremos ser una comunidad no solo en palabras, sino en acciones\u00bb, dijo el alto comisionado europeo, quien agreg\u00f3 que los participantes de un evento de esta magnitud deben continuar comprometidos en sus comunidades con este mismo esp\u00edritu que apuesta por la inversi\u00f3n para el desarrollo.<\/p>\n<p>Panam\u00e1 particip\u00f3 en Bruselas con el objetivo de mejorar pr\u00e1cticas e intercambiar ideas y experiencias que inspiren soluciones innovadoras para el desarrollo.<\/p>\n<p>Dar\u00edo Chir\u00fa, Embajador de Panam\u00e1 en el Reino de B\u00e9lgica, en el Gran Ducado de Luxemburgo y Jefe de Misi\u00f3n ante la Uni\u00f3n Europea, fue el anfitri\u00f3n principal ante los representantes de la Comunidad Europea en esta Jornada, y la embajadora de la marca, Valeria Maduro, estuvo a cargo de las ponencias.<\/p>\n<p><strong>Publicado por Valeria Maduro\/Fotos: Valeria Maduro<\/strong><\/p>\n","protected":false},"excerpt":{"rendered":"<p>B\u00e9lgica, junio 2017.- M\u00e1s de 100 invitados entre l\u00edderes globales, empresarios europeos y del servicio exterior se acercaron con inter\u00e9s [&hellip;]<\/p>\n","protected":false},"author":5,"featured_media":1502,"comment_status":"closed","ping_status":"open","sticky":false,"template":"","format":"standard","meta":{"site-sidebar-layout":"default","site-content-layout":"","ast-site-content-layout":"default","site-content-style":"default","site-sidebar-style":"default","ast-global-header-display":"","ast-banner-title-visibility":"","ast-main-header-display":"","ast-hfb-above-header-display":"","ast-hfb-below-header-display":"","ast-hfb-mobile-header-display":"","site-post-title":"","ast-breadcrumbs-content":"","ast-featured-img":"","footer-sml-layout":"","ast-disable-related-posts":"","theme-transparent-header-meta":"","adv-header-id-meta":"","stick-header-meta":"","header-above-stick-meta":"","header-main-stick-meta":"","header-below-stick-meta":"","astra-migrate-meta-layouts":"default","ast-page-background-enabled":"default","ast-page-background-meta":{"desktop":{"background-color":"var(--ast-global-color-5)","background-image":"","background-repeat":"repeat","background-position":"center center","background-size":"auto","background-attachment":"scroll","background-type":"","background-media":"","overlay-type":"","overlay-color":"","overlay-opacity":"","overlay-gradient":""},"tablet":{"background-color":"","background-image":"","background-repeat":"repeat","background-position":"center center","background-size":"auto","background-attachment":"scroll","background-type":"","background-media":"","overlay-type":"","overlay-color":"","overlay-opacity":"","overlay-gradient":""},"mobile":{"background-color":"","background-image":"","background-repeat":"repeat","background-position":"center center","background-size":"auto","background-attachment":"scroll","background-type":"","background-media":"","overlay-type":"","overlay-color":"","overlay-opacity":"","overlay-gradient":""}},"ast-content-background-meta":{"desktop":{"background-color":"var(--ast-global-color-4)","background-image":"","background-repeat":"repeat","background-position":"center center","background-size":"auto","background-attachment":"scroll","background-type":"","background-media":"","overlay-type":"","overlay-color":"","overlay-opacity":"","overlay-gradient":""},"tablet":{"background-color":"var(--ast-global-color-4)","background-image":"","background-repeat":"repeat","background-position":"center center","background-size":"auto","background-attachment":"scroll","background-type":"","background-media":"","overlay-type":"","overlay-color":"","overlay-opacity":"","overlay-gradient":""},"mobile":{"background-color":"var(--ast-global-color-4)","background-image":"","background-repeat":"repeat","background-position":"center center","background-size":"auto","background-attachment":"scroll","background-type":"","background-media":"","overlay-type":"","overlay-color":"","overlay-opacity":"","overlay-gradient":""}},"footnotes":""},"categories":[19],"tags":[],"class_list":["post-1501","post","type-post","status-publish","format-standard","has-post-thumbnail","hentry","category-noticias"],"_links":{"self":[{"href":"https:\/\/www.mingob.gob.pa\/integrarte\/wp-json\/wp\/v2\/posts\/1501","targetHints":{"allow":["GET"]}}],"collection":[{"href":"https:\/\/www.mingob.gob.pa\/integrarte\/wp-json\/wp\/v2\/posts"}],"about":[{"href":"https:\/\/www.mingob.gob.pa\/integrarte\/wp-json\/wp\/v2\/types\/post"}],"author":[{"embeddable":true,"href":"https:\/\/www.mingob.gob.pa\/integrarte\/wp-json\/wp\/v2\/users\/5"}],"replies":[{"embeddable":true,"href":"https:\/\/www.mingob.gob.pa\/integrarte\/wp-json\/wp\/v2\/comments?post=1501"}],"version-history":[{"count":0,"href":"https:\/\/www.mingob.gob.pa\/integrarte\/wp-json\/wp\/v2\/posts\/1501\/revisions"}],"wp:featuredmedia":[{"embeddable":true,"href":"https:\/\/www.mingob.gob.pa\/integrarte\/wp-json\/wp\/v2\/media\/1502"}],"wp:attachment":[{"href":"https:\/\/www.mingob.gob.pa\/integrarte\/wp-json\/wp\/v2\/media?parent=1501"}],"wp:term":[{"taxonomy":"category","embeddable":true,"href":"https:\/\/www.mingob.gob.pa\/integrarte\/wp-json\/wp\/v2\/categories?post=1501"},{"taxonomy":"post_tag","embeddable":true,"href":"https:\/\/www.mingob.gob.pa\/integrarte\/wp-json\/wp\/v2\/tags?post=1501"}],"curies":[{"name":"wp","href":"https:\/\/api.w.org\/{rel}","templated":true}]}}