{"id":1466,"date":"2017-06-07T20:20:00","date_gmt":"2017-06-07T20:20:00","guid":{"rendered":"http:\/\/www.mingob.gob.pa\/integrarte\/?p=1466"},"modified":"2020-05-28T14:26:01","modified_gmt":"2020-05-28T19:26:01","slug":"exitosa-presentacion-de-integrarte-en-la-jornada-europea-de-desarrollo-en-bruselas","status":"publish","type":"post","link":"https:\/\/www.mingob.gob.pa\/integrarte\/exitosa-presentacion-de-integrarte-en-la-jornada-europea-de-desarrollo-en-bruselas\/","title":{"rendered":"Exitosa presentaci\u00f3n de \u00abIntegrArte\u00bb en la Jornada Europea de Desarrollo en Bruselas"},"content":{"rendered":"<p><strong>Panam\u00e1, 7 de junio de 2017.-\u00a0<\/strong> <strong>IntegrArte<\/strong>, la primera marca penitenciaria de Panam\u00e1, super\u00f3 todas las expectativas durante su presentaci\u00f3n exitosa en la ceremonia de apertura de la Und\u00e9cima Jornada Europea de Desarrollo (EDD, por sus siglas en ingl\u00e9s), que se realiza en Bruselas, B\u00e9lgica, del 7 al 8 de junio del presente.<\/p>\n<p>Panam\u00e1 muestra en su \u201cstand\u201d un aproximado de 10 productos de la marca penitenciaria <strong>IntegrArte<\/strong>, as\u00ed como un maniqu\u00ed de exhibici\u00f3n con las creaciones producidas por las personas privadas de libertad, en los talleres de los centros penitenciarios.<\/p>\n<p>El stand de <strong>IntegrArte<\/strong> fue uno de los m\u00e1s visitados por altos funcionarios de la Comisi\u00f3n Europea as\u00ed como por directivos del Servicio Exterior, adem\u00e1s de representantes de la Organizaci\u00f3n Mundial de la Salud y j\u00f3venes participantes que se acercaron para conocer sobre el proyecto.<\/p>\n<p><strong>IntegrArte<\/strong> es considerado por los visitantes como \u201cexcelente, motivador e innovador\u201d, al tiempo que han manifestado inter\u00e9s en aplicar el proyecto en otros pa\u00edses.<\/p>\n<p>El Ministerio de Gobierno, gestor del proyecto, recibi\u00f3 m\u00faltiples elogios por considerarlo como modelo y buena pr\u00e1ctica puesta en conocimiento mundial.<\/p>\n<p>Esta marca surge en el contexto del \u00a0Proyecto de Cooperaci\u00f3n en Seguridad con Panam\u00e1 (SECOPA), implementado por la UNODC para Centroam\u00e9rica y el Caribe en Panam\u00e1 (UNODC ROPAN), con el financiamiento de la Uni\u00f3n Europea, que apoya al Ministerio de Gobierno y al Sistema Penitenciario de Panam\u00e1 a efectos de fortalecer y modernizar la capacidad de gesti\u00f3n penitenciaria, para facilitar la reintegraci\u00f3n social de las personas privadas de libertad desde una perspectiva de derechos humanos.<\/p>\n<p>Le correspondi\u00f3 Valeria Maduro, embajadora de la marca penitenciaria <strong>IntegrArte<\/strong>, por parte del Ministerio de Gobierno, dirigir las ponencias y llevar adelante la exhibici\u00f3n durante la EDD, que ofrece a Panam\u00e1 la oportunidad de mejorar el programa existente, gracias al aprendizaje de los modelos en materia de rehabilitaci\u00f3n, sistemas productivos y condiciones de seguridad que ya est\u00e1n siendo aplicados en pa\u00edses avanzados.<\/p>\n<p>Maduro, quien se dirigi\u00f3 a representantes de los diferentes proyectos que hay en la Jornada Europea para el Desarrollo y dem\u00e1s autoridades locales, habl\u00f3 sobre qu\u00e9 es Integrarte, c\u00f3mo naci\u00f3 y cu\u00e1l es el impacto que ha tenido en el \u00e1mbito nacional y ahora en la Jornada.<\/p>\n<p>Destac\u00f3 que \u201cno solamente son productos que estamos vendiendo, son historias de personas que hay detr\u00e1s de cada uno de los art\u00edculos\u201d. La presentaci\u00f3n contempl\u00f3 \u201cel tema del empoderamiento de la mujer (privada de libertad), que es importante para la reinserci\u00f3n social y para dejar atr\u00e1s los estereotipos\u201d, asever\u00f3 la embajadora de la marca IntegrArte.<\/p>\n<p>\u201cLo que buscamos es la reintegraci\u00f3n social para tener una sociedad m\u00e1s justa, a salvo, y con un\u00a0 nivel m\u00e1s alto de empat\u00eda que demanda a su vez\u00a0 el esfuerzo, la cooperaci\u00f3n y solidaridad de la sociedad\u201d, a\u00f1adi\u00f3.<\/p>\n<p>Dar\u00edo Chir\u00fa, Embajador de Panam\u00e1 en el Reino de B\u00e9lgica, en el Gran Ducado de Luxemburgo y Jefe de Misi\u00f3n ante la Uni\u00f3n Europea, fue el anfitri\u00f3n principal ante los representantes de la Comunidad Europea en esta Jornada.<\/p>\n<p>La participaci\u00f3n de la primera marca penitenciaria de Panam\u00e1 para la EDD fue propuesta por la Uni\u00f3n Europea (UE), en el marco del proyecto de cooperaci\u00f3n t\u00e9cnica con SECOPA, ejecutada por la Oficina de las Naciones Unidas contra la Droga y el Delito (UNODC), y es el \u00fanico proyecto que este organismo internacional lleva a Bruselas con car\u00e1cter de programa emblem\u00e1tico.<\/p>\n<p><strong>Publicado por Mirla Mart\u00ednez\/Fotos: Valeria Maduro<\/strong><\/p>\n<p>[av_slideshow size=&#8217;extra_large&#8217; animation=&#8217;slide&#8217; autoplay=&#8217;false&#8217; interval=&#8217;5&#8242; control_layout=&#8217;av-control-default&#8217; av_uid=&#8217;av-h0sn8a&#8217;]<br \/>\n[av_slide slide_type=&#8217;image&#8217; id=&#8217;1475&#8242; video=&#8217;http:\/\/&#8217; mobile_image=\u00bb video_ratio=&#8217;16:9&#8242; title=\u00bb link_apply=\u00bb link=&#8217;lightbox&#8217; link_target=\u00bb av_uid=&#8217;av-ggaove&#8217;]<br \/>\nJolita Butkeviciene (al centro) Directora para Am\u00e9rica Latina de la Direcci\u00f3n General de Cooperaci\u00f3n al Desarrollo de la Comisi\u00f3n Europea.<br \/>\n[\/av_slide]<br \/>\n[av_slide slide_type=&#8217;image&#8217; id=&#8217;1474&#8242; video=&#8217;http:\/\/&#8217; mobile_image=\u00bb video_ratio=&#8217;16:9&#8242; title=\u00bb link_apply=\u00bb link=&#8217;lightbox&#8217; link_target=\u00bb av_uid=&#8217;av-dgmnu2&#8242;]<br \/>\n\u201cIntegrArte\u201d atrajo la atenci\u00f3n de altos representantes de la Comisi\u00f3n Europea que asistieron a la Jornada Europea del Desarrollo.<br \/>\n[\/av_slide]<br \/>\n[av_slide slide_type=&#8217;image&#8217; id=&#8217;1473&#8242; video=&#8217;http:\/\/&#8217; mobile_image=\u00bb video_ratio=&#8217;16:9&#8242; title=\u00bb link_apply=\u00bb link=&#8217;lightbox&#8217; link_target=\u00bb av_uid=&#8217;av-csnjay&#8217;]<br \/>\nGonzalo Sanz, Oficial de Relaciones Internacionales para Panam\u00e1 y Costa Rica en el Servicio Europeo de Acci\u00f3n Exterior, SEAE.<br \/>\n[\/av_slide]<br \/>\n[av_slide slide_type=&#8217;image&#8217; id=&#8217;1472&#8242; video=&#8217;http:\/\/&#8217; mobile_image=\u00bb video_ratio=&#8217;16:9&#8242; title=\u00bb link_apply=\u00bb link=&#8217;lightbox&#8217; link_target=\u00bb av_uid=&#8217;av-b6kwyi&#8217;]<br \/>\nEl CEO de ProGis Software, Walter H. Mayer, entusiasmado por la marca penitenciaria y su empoderamiento.<br \/>\n[\/av_slide]<br \/>\n[av_slide slide_type=&#8217;image&#8217; id=&#8217;1471&#8242; video=&#8217;http:\/\/&#8217; mobile_image=\u00bb video_ratio=&#8217;16:9&#8242; title=\u00bb link_apply=\u00bb link=&#8217;lightbox&#8217; link_target=\u00bb av_uid=&#8217;av-9lq0oq&#8217;]<br \/>\nPresentaci\u00f3n de Panam\u00e1 ante los asistentes a la XI Jornada Europea para el Desarrollo.<br \/>\n[\/av_slide]<br \/>\n[av_slide slide_type=&#8217;image&#8217; id=&#8217;1470&#8242; video=&#8217;http:\/\/&#8217; mobile_image=\u00bb video_ratio=&#8217;16:9&#8242; title=\u00bb link_apply=\u00bb link=&#8217;lightbox&#8217; link_target=\u00bb av_uid=&#8217;av-pvj2y&#8217;]<br \/>\nFelicitaron a Panam\u00e1 por sus \u201cbuenas pr\u00e1cticas\u201d en el \u00e1mbito penitenciario.<br \/>\n[\/av_slide]<br \/>\n[av_slide slide_type=&#8217;image&#8217; id=&#8217;1469&#8242; video=&#8217;http:\/\/&#8217; mobile_image=\u00bb video_ratio=&#8217;16:9&#8242; title=\u00bb link_apply=\u00bb link=&#8217;lightbox&#8217; link_target=\u00bb av_uid=&#8217;av-5s3122&#8242;]<br \/>\nJ\u00f3venes de la Organizaci\u00f3n Mundial de la Salud (OMS) atra\u00eddas por \u201cIntegrArte\u201d.<br \/>\n[\/av_slide]<br \/>\n[av_slide slide_type=&#8217;image&#8217; id=&#8217;1468&#8242; video=&#8217;http:\/\/&#8217; mobile_image=\u00bb video_ratio=&#8217;16:9&#8242; title=\u00bb link_apply=\u00bb link=&#8217;lightbox&#8217; link_target=\u00bb av_uid=&#8217;av-42eisa&#8217;]<br \/>\nS.E. Embajador de Costa Rica en el Reino de B\u00e9lgica, Istvan Alfaro.<br \/>\n[\/av_slide]<br \/>\n[av_slide slide_type=&#8217;image&#8217; id=&#8217;1467&#8242; video=&#8217;http:\/\/&#8217; mobile_image=\u00bb video_ratio=&#8217;16:9&#8242; title=\u00bb link_apply=\u00bb link=&#8217;lightbox&#8217; link_target=\u00bb av_uid=&#8217;av-2786lm&#8217;]<br \/>\n\u201cIntegrArte\u201d fue el stand m\u00e1s visitado en la Und\u00e9cima Jornada Europea para el desarrollo.<br \/>\n[\/av_slide]<br \/>\n[\/av_slideshow]<\/p>\n<p>&nbsp;<\/p>\n<p>&nbsp;<\/p>\n","protected":false},"excerpt":{"rendered":"<p>Panam\u00e1, 7 de junio de 2017.-\u00a0 IntegrArte, la primera marca penitenciaria de Panam\u00e1, super\u00f3 todas las expectativas durante su presentaci\u00f3n [&hellip;]<\/p>\n","protected":false},"author":5,"featured_media":1464,"comment_status":"closed","ping_status":"open","sticky":false,"template":"","format":"standard","meta":{"site-sidebar-layout":"default","site-content-layout":"","ast-site-content-layout":"default","site-content-style":"default","site-sidebar-style":"default","ast-global-header-display":"","ast-banner-title-visibility":"","ast-main-header-display":"","ast-hfb-above-header-display":"","ast-hfb-below-header-display":"","ast-hfb-mobile-header-display":"","site-post-title":"","ast-breadcrumbs-content":"","ast-featured-img":"","footer-sml-layout":"","ast-disable-related-posts":"","theme-transparent-header-meta":"","adv-header-id-meta":"","stick-header-meta":"","header-above-stick-meta":"","header-main-stick-meta":"","header-below-stick-meta":"","astra-migrate-meta-layouts":"default","ast-page-background-enabled":"default","ast-page-background-meta":{"desktop":{"background-color":"var(--ast-global-color-5)","background-image":"","background-repeat":"repeat","background-position":"center center","background-size":"auto","background-attachment":"scroll","background-type":"","background-media":"","overlay-type":"","overlay-color":"","overlay-opacity":"","overlay-gradient":""},"tablet":{"background-color":"","background-image":"","background-repeat":"repeat","background-position":"center center","background-size":"auto","background-attachment":"scroll","background-type":"","background-media":"","overlay-type":"","overlay-color":"","overlay-opacity":"","overlay-gradient":""},"mobile":{"background-color":"","background-image":"","background-repeat":"repeat","background-position":"center center","background-size":"auto","background-attachment":"scroll","background-type":"","background-media":"","overlay-type":"","overlay-color":"","overlay-opacity":"","overlay-gradient":""}},"ast-content-background-meta":{"desktop":{"background-color":"var(--ast-global-color-4)","background-image":"","background-repeat":"repeat","background-position":"center center","background-size":"auto","background-attachment":"scroll","background-type":"","background-media":"","overlay-type":"","overlay-color":"","overlay-opacity":"","overlay-gradient":""},"tablet":{"background-color":"var(--ast-global-color-4)","background-image":"","background-repeat":"repeat","background-position":"center center","background-size":"auto","background-attachment":"scroll","background-type":"","background-media":"","overlay-type":"","overlay-color":"","overlay-opacity":"","overlay-gradient":""},"mobile":{"background-color":"var(--ast-global-color-4)","background-image":"","background-repeat":"repeat","background-position":"center center","background-size":"auto","background-attachment":"scroll","background-type":"","background-media":"","overlay-type":"","overlay-color":"","overlay-opacity":"","overlay-gradient":""}},"footnotes":""},"categories":[19],"tags":[],"class_list":["post-1466","post","type-post","status-publish","format-standard","has-post-thumbnail","hentry","category-noticias"],"_links":{"self":[{"href":"https:\/\/www.mingob.gob.pa\/integrarte\/wp-json\/wp\/v2\/posts\/1466","targetHints":{"allow":["GET"]}}],"collection":[{"href":"https:\/\/www.mingob.gob.pa\/integrarte\/wp-json\/wp\/v2\/posts"}],"about":[{"href":"https:\/\/www.mingob.gob.pa\/integrarte\/wp-json\/wp\/v2\/types\/post"}],"author":[{"embeddable":true,"href":"https:\/\/www.mingob.gob.pa\/integrarte\/wp-json\/wp\/v2\/users\/5"}],"replies":[{"embeddable":true,"href":"https:\/\/www.mingob.gob.pa\/integrarte\/wp-json\/wp\/v2\/comments?post=1466"}],"version-history":[{"count":0,"href":"https:\/\/www.mingob.gob.pa\/integrarte\/wp-json\/wp\/v2\/posts\/1466\/revisions"}],"wp:featuredmedia":[{"embeddable":true,"href":"https:\/\/www.mingob.gob.pa\/integrarte\/wp-json\/wp\/v2\/media\/1464"}],"wp:attachment":[{"href":"https:\/\/www.mingob.gob.pa\/integrarte\/wp-json\/wp\/v2\/media?parent=1466"}],"wp:term":[{"taxonomy":"category","embeddable":true,"href":"https:\/\/www.mingob.gob.pa\/integrarte\/wp-json\/wp\/v2\/categories?post=1466"},{"taxonomy":"post_tag","embeddable":true,"href":"https:\/\/www.mingob.gob.pa\/integrarte\/wp-json\/wp\/v2\/tags?post=1466"}],"curies":[{"name":"wp","href":"https:\/\/api.w.org\/{rel}","templated":true}]}}