{"id":1349,"date":"2017-06-04T20:50:43","date_gmt":"2017-06-04T20:50:43","guid":{"rendered":"http:\/\/www.mingob.gob.pa\/integrarte\/?p=1349"},"modified":"2017-09-21T10:04:44","modified_gmt":"2017-09-21T15:04:44","slug":"integrarte-estara-presente-en-la-jornada-europea-para-el-desarrollo-en-bruselas","status":"publish","type":"post","link":"https:\/\/www.mingob.gob.pa\/integrarte\/integrarte-estara-presente-en-la-jornada-europea-para-el-desarrollo-en-bruselas\/","title":{"rendered":"Integrarte estar\u00e1 presente en la Jornada Europea para el Desarrollo en Bruselas"},"content":{"rendered":"<p><strong>Panam\u00e1, <\/strong><strong><span id=\"OBJ_PREFIX_DWT150_com_zimbra_date\" class=\"Object\"><span id=\"OBJ_PREFIX_DWT153_com_zimbra_date\" class=\"Object\">31 de mayo<\/span><\/span><\/strong><strong> de 2017.-<\/strong> <strong>IntegrArte,<\/strong> primera marca penitenciaria de Panam\u00e1, ser\u00e1 presentada en la Und\u00e9cima Jornada Europea de Desarrollo (EDD, por sus siglas en ingl\u00e9s), que se realizar\u00e1 en Bruselas, B\u00e9lgica, del 7 al <span id=\"OBJ_PREFIX_DWT151_com_zimbra_date\" class=\"Object\"><span id=\"OBJ_PREFIX_DWT154_com_zimbra_date\" class=\"Object\">8 de junio<\/span><\/span> pr\u00f3ximo.<\/p>\n<p>La participaci\u00f3n de la primera marca penitenciaria de Panam\u00e1 para la EDD fue propuesta por la Uni\u00f3n Europea (UE), en el marco del proyecto de cooperaci\u00f3n t\u00e9cnica con SECOPA ejecutada por la Oficina de las Naciones Unidas contra la Droga y el Delito (UNODC), y es el \u00fanico proyecto que este organismo internacional llevar\u00e1 a Bruselas con car\u00e1cter de programa emblem\u00e1tico.<\/p>\n<p>Organizada por la Comisi\u00f3n Europea de la Uni\u00f3n Europea (EU), las Jornadas Europeas de Desarrollo convocan a la comunidad de desarrollo cada a\u00f1o para compartir ideas y experiencias que inspiren nuevas alianzas y soluciones innovadoras a los desaf\u00edos imperantes.<\/p>\n<p>Esta marca surge en el contexto del \u00a0Proyecto de Cooperaci\u00f3n en Seguridad con Panam\u00e1 (SECOPA), implementado por la Oficina Regional de las Naciones Unidas contra la Droga y el Delito para Centroam\u00e9rica y el Caribe en Panam\u00e1 (UNODC ROPAN), con el financiamiento de la Uni\u00f3n Europea, que apoya al Ministerio de Gobierno y al Sistema Penitenciario de Panam\u00e1 a efectos de fortalecer y modernizar la capacidad de gesti\u00f3n penitenciaria, para facilitar la reintegraci\u00f3n social de las personas privadas de libertad desde una perspectiva de derechos humanos.<\/p>\n<p>Panam\u00e1 mostrar\u00e1 en su \u201cstand\u201d unos 10 productos de la marca penitenciaria <strong>IntegrArte<\/strong>, as\u00ed como un maniqu\u00ed de exhibici\u00f3n con las creaciones que se producen en los talleres de corte y confecci\u00f3n dentro de los centros penitenciarios por las personas privadas de libertad.<\/p>\n<p>Se cuenta con la oportunidad de una ponencia al inicio de la Jornada, el d\u00eda <span id=\"OBJ_PREFIX_DWT152_com_zimbra_date\" class=\"Object\"><span id=\"OBJ_PREFIX_DWT155_com_zimbra_date\" class=\"Object\">7 de junio<\/span><\/span>, durante la cual se presentar\u00e1<strong> IntegrArte<\/strong> como el programa de rehabilitaci\u00f3n e inclusi\u00f3n del Sistema Penitenciario paname\u00f1o, dirigido a las personas privadas de libertad. En tanto el Sistema Penitenciario a trav\u00e9s de <strong>IntegrArte<\/strong> tambi\u00e9n ha logrado un sitial como modelo exitoso de equidad de g\u00e9nero, empoderamiento de la mujer y emprendimiento.<\/p>\n<p>Su Excelencia Dar\u00edo Chir\u00fa, Embajador de Panam\u00e1 en B\u00e9lgica, ser\u00e1 el anfitri\u00f3n principal ante los representantes de la Comunidad Europea que estar\u00e1n presentes en la Jornada.<\/p>\n<p>Valeria Maduro, embajadora de la marca penitenciaria <strong>IntegrArte<\/strong>, estar\u00e1 al frente de las ponencias y la exhibici\u00f3n durante la EDD, que ofrece a Panam\u00e1 la oportunidad de mejorar el programa existente, gracias al aprendizaje de los modelos en materia de rehabilitaci\u00f3n, sistemas productivos y condiciones de seguridad que ya est\u00e1n siendo aplicados en pa\u00edses avanzados.<\/p>\n","protected":false},"excerpt":{"rendered":"<p>Panam\u00e1, 31 de mayo de 2017.- IntegrArte, primera marca penitenciaria de Panam\u00e1, ser\u00e1 presentada en la Und\u00e9cima Jornada Europea de [&hellip;]<\/p>\n","protected":false},"author":5,"featured_media":724,"comment_status":"closed","ping_status":"open","sticky":false,"template":"","format":"standard","meta":{"site-sidebar-layout":"default","site-content-layout":"","ast-site-content-layout":"default","site-content-style":"default","site-sidebar-style":"default","ast-global-header-display":"","ast-banner-title-visibility":"","ast-main-header-display":"","ast-hfb-above-header-display":"","ast-hfb-below-header-display":"","ast-hfb-mobile-header-display":"","site-post-title":"","ast-breadcrumbs-content":"","ast-featured-img":"","footer-sml-layout":"","ast-disable-related-posts":"","theme-transparent-header-meta":"","adv-header-id-meta":"","stick-header-meta":"","header-above-stick-meta":"","header-main-stick-meta":"","header-below-stick-meta":"","astra-migrate-meta-layouts":"default","ast-page-background-enabled":"default","ast-page-background-meta":{"desktop":{"background-color":"var(--ast-global-color-5)","background-image":"","background-repeat":"repeat","background-position":"center center","background-size":"auto","background-attachment":"scroll","background-type":"","background-media":"","overlay-type":"","overlay-color":"","overlay-opacity":"","overlay-gradient":""},"tablet":{"background-color":"","background-image":"","background-repeat":"repeat","background-position":"center center","background-size":"auto","background-attachment":"scroll","background-type":"","background-media":"","overlay-type":"","overlay-color":"","overlay-opacity":"","overlay-gradient":""},"mobile":{"background-color":"","background-image":"","background-repeat":"repeat","background-position":"center center","background-size":"auto","background-attachment":"scroll","background-type":"","background-media":"","overlay-type":"","overlay-color":"","overlay-opacity":"","overlay-gradient":""}},"ast-content-background-meta":{"desktop":{"background-color":"var(--ast-global-color-4)","background-image":"","background-repeat":"repeat","background-position":"center center","background-size":"auto","background-attachment":"scroll","background-type":"","background-media":"","overlay-type":"","overlay-color":"","overlay-opacity":"","overlay-gradient":""},"tablet":{"background-color":"var(--ast-global-color-4)","background-image":"","background-repeat":"repeat","background-position":"center center","background-size":"auto","background-attachment":"scroll","background-type":"","background-media":"","overlay-type":"","overlay-color":"","overlay-opacity":"","overlay-gradient":""},"mobile":{"background-color":"var(--ast-global-color-4)","background-image":"","background-repeat":"repeat","background-position":"center center","background-size":"auto","background-attachment":"scroll","background-type":"","background-media":"","overlay-type":"","overlay-color":"","overlay-opacity":"","overlay-gradient":""}},"footnotes":""},"categories":[19],"tags":[],"class_list":["post-1349","post","type-post","status-publish","format-standard","has-post-thumbnail","hentry","category-noticias"],"_links":{"self":[{"href":"https:\/\/www.mingob.gob.pa\/integrarte\/wp-json\/wp\/v2\/posts\/1349","targetHints":{"allow":["GET"]}}],"collection":[{"href":"https:\/\/www.mingob.gob.pa\/integrarte\/wp-json\/wp\/v2\/posts"}],"about":[{"href":"https:\/\/www.mingob.gob.pa\/integrarte\/wp-json\/wp\/v2\/types\/post"}],"author":[{"embeddable":true,"href":"https:\/\/www.mingob.gob.pa\/integrarte\/wp-json\/wp\/v2\/users\/5"}],"replies":[{"embeddable":true,"href":"https:\/\/www.mingob.gob.pa\/integrarte\/wp-json\/wp\/v2\/comments?post=1349"}],"version-history":[{"count":0,"href":"https:\/\/www.mingob.gob.pa\/integrarte\/wp-json\/wp\/v2\/posts\/1349\/revisions"}],"wp:featuredmedia":[{"embeddable":true,"href":"https:\/\/www.mingob.gob.pa\/integrarte\/wp-json\/wp\/v2\/media\/724"}],"wp:attachment":[{"href":"https:\/\/www.mingob.gob.pa\/integrarte\/wp-json\/wp\/v2\/media?parent=1349"}],"wp:term":[{"taxonomy":"category","embeddable":true,"href":"https:\/\/www.mingob.gob.pa\/integrarte\/wp-json\/wp\/v2\/categories?post=1349"},{"taxonomy":"post_tag","embeddable":true,"href":"https:\/\/www.mingob.gob.pa\/integrarte\/wp-json\/wp\/v2\/tags?post=1349"}],"curies":[{"name":"wp","href":"https:\/\/api.w.org\/{rel}","templated":true}]}}